{"id":99556,"date":"2025-12-07T19:30:10","date_gmt":"2025-12-07T19:30:10","guid":{"rendered":"https:\/\/www.europesays.com\/se\/99556\/"},"modified":"2025-12-07T19:30:10","modified_gmt":"2025-12-07T19:30:10","slug":"alpint-sara-hector-kniper-sasongens-forsta-pallplats","status":"publish","type":"post","link":"https:\/\/www.europesays.com\/se\/99556\/","title":{"rendered":"Alpint: Sara Hector kniper s\u00e4songens f\u00f6rsta pallplats"},"content":{"rendered":"<p>Efter det f\u00f6rsta \u00e5ket var Sara Hector p\u00e5 sjunde plats, och beh\u00f6vde ett dr\u00f6m\u00e5k i andra \u00e5ket f\u00f6r att knipa en pallplats. <\/p>\n<p>Och just s\u00e5 blev det. <\/p>\n<p>Efter andra \u00e5ket var det bara \u00f6sterrikiskan Julia Scheib som lyckades ta sig f\u00f6rbi svenskan, som knep s\u00e4songens f\u00f6rsta pallplats.<\/p>\n<p>Hectors andra\u00e5k var det snabbaste andra\u00e5ket av alla, men Scheib hade 60 hundradelar att g\u00e5 p\u00e5, vilket skulle visa sig r\u00e4cka. <\/p>\n<p>Efter g\u00e5rdagens urk\u00f6rning tog 33-\u00e5ringen d\u00e4rmed rej\u00e4l revansch. <\/p>\n<p>Trea blev nyzeel\u00e4ndskan Alice Robinson. <\/p>\n<p>Under fjol\u00e5rss\u00e4songen blev det fyra pallplatser i storslalom, varav tv\u00e5 var segrar. <\/p>\n<p>Alphand l\u00e5ngt efter<\/p>\n<p>Desto tyngre gick det f\u00f6r g\u00e5rdagens stora succ\u00e9makare, Estelle Alphand. <\/p>\n<p>Under l\u00f6rdagen stod 30-\u00e5ringen f\u00f6r en finfin sjundeplats, men bara en dag senare var hon l\u00e5ngt efter, och fick inte k\u00f6ra ett andra\u00e5k. <\/p>\n<p>Alphand var 3,22 efter ledande Robinson efter ett \u00e5k, och fick inte t\u00e4vla vidare. <\/p>\n<p>T\u00e4vlingens tredje svenska, Hilda L\u00f6vblom, blev 28:a. <\/p>\n<p>Hansson n\u00e4ra personb\u00e4sta<\/p>\n<p>\u00c4ven p\u00e5 herrsidan finns det glada svensk\u00e4mnen. <\/p>\n<p>Doldisen William Hansson har st\u00e5tt f\u00f6r ett fint f\u00f6rsta\u00e5k i storslalomen, och ligger p\u00e5 19:e plats i amerikanska Beaver Creek. <\/p>\n<p>Som b\u00e4st har han en 18:e-plats p\u00e5 v\u00e4rldscupen. Andra \u00e5ket startar 21.00 svensk tid. <\/p>\n","protected":false},"excerpt":{"rendered":"Efter det f\u00f6rsta \u00e5ket var Sara Hector p\u00e5 sjunde plats, och beh\u00f6vde ett dr\u00f6m\u00e5k i andra \u00e5ket f\u00f6r&hellip;\n","protected":false},"author":2,"featured_media":99557,"comment_status":"","ping_status":"","sticky":false,"template":"","format":"standard","meta":{"footnotes":""},"categories":[68],"tags":[34,111,110,31,33,32,30],"class_list":{"0":"post-99556","1":"post","2":"type-post","3":"status-publish","4":"format-standard","5":"has-post-thumbnail","7":"category-sport","8":"tag-se","9":"tag-sport","10":"tag-sports","11":"tag-svenska","12":"tag-sverige","13":"tag-sweden","14":"tag-swedish"},"share_on_mastodon":{"url":"https:\/\/pubeurope.com\/@se\/115679947848943494","error":""},"_links":{"self":[{"href":"https:\/\/www.europesays.com\/se\/wp-json\/wp\/v2\/posts\/99556","targetHints":{"allow":["GET"]}}],"collection":[{"href":"https:\/\/www.europesays.com\/se\/wp-json\/wp\/v2\/posts"}],"about":[{"href":"https:\/\/www.europesays.com\/se\/wp-json\/wp\/v2\/types\/post"}],"author":[{"embeddable":true,"href":"https:\/\/www.europesays.com\/se\/wp-json\/wp\/v2\/users\/2"}],"replies":[{"embeddable":true,"href":"https:\/\/www.europesays.com\/se\/wp-json\/wp\/v2\/comments?post=99556"}],"version-history":[{"count":0,"href":"https:\/\/www.europesays.com\/se\/wp-json\/wp\/v2\/posts\/99556\/revisions"}],"wp:featuredmedia":[{"embeddable":true,"href":"https:\/\/www.europesays.com\/se\/wp-json\/wp\/v2\/media\/99557"}],"wp:attachment":[{"href":"https:\/\/www.europesays.com\/se\/wp-json\/wp\/v2\/media?parent=99556"}],"wp:term":[{"taxonomy":"category","embeddable":true,"href":"https:\/\/www.europesays.com\/se\/wp-json\/wp\/v2\/categories?post=99556"},{"taxonomy":"post_tag","embeddable":true,"href":"https:\/\/www.europesays.com\/se\/wp-json\/wp\/v2\/tags?post=99556"}],"curies":[{"name":"wp","href":"https:\/\/api.w.org\/{rel}","templated":true}]}}