{"id":99572,"date":"2025-12-07T19:47:09","date_gmt":"2025-12-07T19:47:09","guid":{"rendered":"https:\/\/www.europesays.com\/se\/99572\/"},"modified":"2025-12-07T19:47:09","modified_gmt":"2025-12-07T19:47:09","slug":"filmstaden-infor-priszoner","status":"publish","type":"post","link":"https:\/\/www.europesays.com\/se\/99572\/","title":{"rendered":"Filmstaden inf\u00f6r priszoner"},"content":{"rendered":"<p><a data-test-tag=\"internal-link\" href=\"https:\/\/www.aftonbladet.se\/av\/emil-forsberg\" class=\"hyperion-css-13ns1rr\" rel=\"nofollow noopener\" target=\"\" aria-label=\"Se alla artiklar av Emil Forsberg\"><img decoding=\"async\" class=\"image-asset hyperion-css-n6kkq1\" data-test-tag=\"image-asset\" src=\"https:\/\/www.europesays.com\/se\/wp-content\/uploads\/2025\/12\/1765136828_173_602ef119-32a3-4a6a-b86e-0ebfdb56a147\"  alt=\"\"  loading=\"lazy\" fetchpriority=\"auto\" style=\"aspect-ratio:1900 \/ 1900\"\/><\/a><\/p>\n<p class=\"boxtextgrotesk-root_baa6 hyperion-css-7pajle\">Uppdaterad 20.25 | Publicerad 20.21<\/p>\n<p>share-arrowDela<\/p>\n<p>unsaveSpara<\/p>\n<p>expand-left<\/p>\n<p>helsk\u00e4rm<img decoding=\"async\" class=\"image-asset hyperion-css-u06ts1\" data-test-tag=\"image-asset\" src=\"https:\/\/www.europesays.com\/se\/wp-content\/uploads\/2025\/12\/0aa195c7-7126-41d6-adc1-9cf5fa804716\"  alt=\"Filmstaden inf\u00f6r zoner i biosalongen.\"  loading=\"eager\" fetchpriority=\"high\" style=\"aspect-ratio:1900 \/ 1267\"\/>Filmstaden inf\u00f6r zoner i biosalongen. Foto: Jessica Gow\/TT<\/p>\n<p class=\"hyperion-css-1shl3oz\" data-test-tag=\"lead-text\">Filmstaden inf\u00f6r priszoner p\u00e5 bio.<\/p>\n<p class=\"hyperion-css-1shl3oz\" data-test-tag=\"lead-text\">Nu h\u00f6js priserna p\u00e5 de allra mest eftertraktade platserna.<\/p>\n<p class=\"hyperion-css-1shl3oz\" data-test-tag=\"lead-text\">\u201dPlatser med b\u00e4st sikt och ljud kostar mer\u201d, skriver Filmstaden p\u00e5 sin hemsida.<\/p>\n<p class=\"hyperion-css-1v9qo5x\">De som f\u00f6rs\u00f6ker k\u00f6pa biobiljetter p\u00e5 Filmstadens hemsida m\u00f6ts numer av tre alternativ:<\/p>\n<p class=\"hyperion-css-1v9qo5x\">Gr\u00e5 zon, bl\u00e5 zon, rosa zon.<\/p>\n<p class=\"hyperion-css-1v9qo5x\">\u201dPriszoner inneb\u00e4r att du betalar olika pris beroende p\u00e5 var du sitter i salongen. Salongen delas in i tre zoner med olika prisniv\u00e5er \u2013 platser med b\u00e4st sikt och ljud kostar mer, medan platser l\u00e4ngre ut \u00e4r billigare\u201d, skriver Filmstaden p\u00e5 sin hemsida och till\u00e4gger:<\/p>\n<p class=\"hyperion-css-1v9qo5x\">Baspriset s\u00e4nks och du betalar d\u00e4refter till\u00e4gg beroende p\u00e5 zon, stol, salong. Man kan s\u00e4ga att pris-spannet blir bredare och valm\u00f6jligheterna fler.<\/p>\n<p class=\"hyperion-css-1v9qo5x\">Priserna kan ocks\u00e5 variera beroende f\u00f6r film.<\/p>\n<p class=\"hyperion-css-1v9qo5x\">F\u00f6r filmen Zootropolis 2 blir priserna f\u00f6r en vuxen 139, 169 respektive 189 kronor i de tre zonerna. F\u00f6r barn g\u00e4ller 20 procent rabatt.<\/p>\n<p class=\"hyperion-css-1v9qo5x\">\u201dSalonger d\u00e4r hela stolsf\u00e4ltet bed\u00f6ms vara &#8221;premium&#8221; har endast en zon. F\u00f6r Filmstaden inneb\u00e4r det v\u00e5ra IMAX, VIP och Luxesalonger\u201d, skriver Filmstaden.<\/p>\n<p>expand-left<\/p>\n<p>helsk\u00e4rm<img decoding=\"async\" class=\"image-asset hyperion-css-u06ts1\" data-test-tag=\"image-asset\" src=\"https:\/\/www.europesays.com\/se\/wp-content\/uploads\/2025\/12\/fdc80ce2-2a57-4608-bc19-f31e582ee456\"  alt=\"De nya priszonerna.\"  loading=\"eager\" fetchpriority=\"high\" style=\"aspect-ratio:723 \/ 640\"\/>De nya priszonerna.<\/p>\n","protected":false},"excerpt":{"rendered":"Uppdaterad 20.25 | Publicerad 20.21 share-arrowDela unsaveSpara expand-left helsk\u00e4rmFilmstaden inf\u00f6r zoner i biosalongen. Foto: Jessica Gow\/TT Filmstaden inf\u00f6r&hellip;\n","protected":false},"author":2,"featured_media":99573,"comment_status":"","ping_status":"","sticky":false,"template":"","format":"standard","meta":{"footnotes":""},"categories":[67],"tags":[104,34,31,33,32,30,105],"class_list":{"0":"post-99572","1":"post","2":"type-post","3":"status-publish","4":"format-standard","5":"has-post-thumbnail","7":"category-underhallning","8":"tag-entertainment","9":"tag-se","10":"tag-svenska","11":"tag-sverige","12":"tag-sweden","13":"tag-swedish","14":"tag-underhallning"},"share_on_mastodon":{"url":"https:\/\/pubeurope.com\/@se\/115680014837852598","error":""},"_links":{"self":[{"href":"https:\/\/www.europesays.com\/se\/wp-json\/wp\/v2\/posts\/99572","targetHints":{"allow":["GET"]}}],"collection":[{"href":"https:\/\/www.europesays.com\/se\/wp-json\/wp\/v2\/posts"}],"about":[{"href":"https:\/\/www.europesays.com\/se\/wp-json\/wp\/v2\/types\/post"}],"author":[{"embeddable":true,"href":"https:\/\/www.europesays.com\/se\/wp-json\/wp\/v2\/users\/2"}],"replies":[{"embeddable":true,"href":"https:\/\/www.europesays.com\/se\/wp-json\/wp\/v2\/comments?post=99572"}],"version-history":[{"count":0,"href":"https:\/\/www.europesays.com\/se\/wp-json\/wp\/v2\/posts\/99572\/revisions"}],"wp:featuredmedia":[{"embeddable":true,"href":"https:\/\/www.europesays.com\/se\/wp-json\/wp\/v2\/media\/99573"}],"wp:attachment":[{"href":"https:\/\/www.europesays.com\/se\/wp-json\/wp\/v2\/media?parent=99572"}],"wp:term":[{"taxonomy":"category","embeddable":true,"href":"https:\/\/www.europesays.com\/se\/wp-json\/wp\/v2\/categories?post=99572"},{"taxonomy":"post_tag","embeddable":true,"href":"https:\/\/www.europesays.com\/se\/wp-json\/wp\/v2\/tags?post=99572"}],"curies":[{"name":"wp","href":"https:\/\/api.w.org\/{rel}","templated":true}]}}