{"id":99576,"date":"2025-12-07T19:52:12","date_gmt":"2025-12-07T19:52:12","guid":{"rendered":"https:\/\/www.europesays.com\/se\/99576\/"},"modified":"2025-12-07T19:52:12","modified_gmt":"2025-12-07T19:52:12","slug":"hectors-superak-gav-sasongens-forsta-pallplats","status":"publish","type":"post","link":"https:\/\/www.europesays.com\/se\/99576\/","title":{"rendered":"Hectors super\u00e5k gav s\u00e4songens f\u00f6rsta pallplats"},"content":{"rendered":"<p class=\"boxtextgrotesk-root_baa6 hyperion-css-1w346fg\">Uppdaterad 20.17 | Publicerad 17.08<\/p>\n<p>share-arrowDela<\/p>\n<p>unsaveSpara<\/p>\n<p>expand-left<\/p>\n<p>helsk\u00e4rm<img decoding=\"async\" class=\"image-asset hyperion-css-u06ts1\" data-test-tag=\"image-asset\" src=\"https:\/\/www.europesays.com\/se\/wp-content\/uploads\/2025\/12\/d28c87de-2daf-4c53-a3f3-f3c5fbd78255\"  alt=\"Sara Hector. Arkivbild.\"  loading=\"eager\" fetchpriority=\"high\" style=\"aspect-ratio:1900 \/ 1267\"\/>Sara Hector. Arkivbild. Foto: John Locher\/AP\/TT<\/p>\n<p class=\"hyperion-css-1shl3oz\" data-test-tag=\"lead-text\">Sara Hector k\u00f6rde ur redan i f\u00f6rsta \u00e5ket i l\u00f6rdagens storslalom.<\/p>\n<p class=\"hyperion-css-1shl3oz\" data-test-tag=\"lead-text\">Ett dygn senare: Den alpina stj\u00e4rnan gav ett rungande besked med m\u00e5nader kvar till OS.<\/p>\n<p class=\"hyperion-css-1shl3oz\" data-test-tag=\"lead-text\">Tv\u00e5a i Tremblant, Kanada, och s\u00e4songens f\u00f6rsta pallplats.<\/p>\n<p class=\"hyperion-css-1v9qo5x\">N\u00e4r Hector, sjua efter f\u00f6rsta \u00e5ket, passerade m\u00e5llinjen noterade hon det andra \u00e5kets snabbaste tid.<\/p>\n<p class=\"hyperion-css-1v9qo5x\">Hur l\u00e5ngt skulle den r\u00e4cka?<\/p>\n<p class=\"hyperion-css-1v9qo5x\">Hector fick vackert v\u00e4nta och se hur de sex \u00e5terst\u00e5ende konkurrenterna klarade storslalompisten i skidmetropolen norr om Ottawa och Montreal.<\/p>\n<p class=\"hyperion-css-1v9qo5x\">Mikaela Shiffrin var chansl\u00f6s i kampen mot Hector, liksom Camille Rast. F\u00f6r att inte tala om Asja Zenere. Nina O&#8217;Brien k\u00f6rde ur.<\/p>\n<p>Bara Scheib snabbare<\/p>\n<p class=\"hyperion-css-1v9qo5x\">Julia Scheib f\u00f6rst\u00f6rde Hector segerchans och \u00f6sterrikiskan tog segern f\u00f6re svenskan och nyzeel\u00e4ndskan Alice Robinson.<\/p>\n<p class=\"hyperion-css-1v9qo5x\">Men Hector kunde konstatera att ingen var snabbare i det andra \u00e5ket, ett sk\u00f6nt formbesked f\u00f6r den regerande olympiska m\u00e4starinnan i disciplinen.<\/p>\n<p class=\"hyperion-css-1v9qo5x\">I storslalompremi\u00e4ren i S\u00f6lden i slutet av oktober slutade Hector nia och f\u00f6rra helgen missade hon pallen precis och slutade p\u00e5 en fj\u00e4rdeplats.<\/p>\n<p class=\"hyperion-css-1v9qo5x\">F\u00f6rra s\u00e4songen tog Hector fyra pallplatser i storslalom, varav tv\u00e5 segrar. Hon klev dessutom upp p\u00e5 prispallen tv\u00e5 g\u00e5nger i slalom.<\/p>\n<p>Tyngre dag f\u00f6r Alphand<\/p>\n<p class=\"hyperion-css-1v9qo5x\">Estelle Alphand fick till ett kanon\u00e5k i l\u00f6rdagens storslalom och k\u00f6rde upp sig fr\u00e5n 13:e i f\u00f6rsta \u00e5ket till en slutlig sjunde plats. D\u00e4rmed borde hon ha fixat en OS-plats n\u00e4r Sveriges olympiska kommitt\u00e9 best\u00e4mmer sig f\u00f6r hur stor den svenska alpina delegationen blir i Cortina i februari.<\/p>\n<p class=\"hyperion-css-1v9qo5x\">Hittills \u00e4r det bara Hector och slalomspecialisten Anna Swenn Larsson som f\u00e5tt klartecken fr\u00e5n SOK.<\/p>\n<p class=\"hyperion-css-1v9qo5x\">Alphand fick inte till det p\u00e5 s\u00f6ndagseftermiddagen och sladdade i m\u00e5lf\u00e5llan 3,22 sekunder bakom Robinson. Det r\u00e4ckte inte f\u00f6r att f\u00e5 plats i andra \u00e5ket.<\/p>\n<p class=\"hyperion-css-1v9qo5x\">Det n\u00e5dde d\u00e4remot Hilma L\u00f6wblom. \u00c4ven hon fajtas om en OS-plats \u2013 och visade verkligen varf\u00f6r. L\u00f6wblom fick till ett pang\u00e5k, det fj\u00e4rde snabbaste och kl\u00e4ttrade tio placeringar. Med sin 18:e plats f\u00f6rb\u00e4ttrade hon chansen att f\u00e5 k\u00f6ra i Cortina i februari.<\/p>\n","protected":false},"excerpt":{"rendered":"Uppdaterad 20.17 | Publicerad 17.08 share-arrowDela unsaveSpara expand-left helsk\u00e4rmSara Hector. Arkivbild. Foto: John Locher\/AP\/TT Sara Hector k\u00f6rde ur&hellip;\n","protected":false},"author":2,"featured_media":99577,"comment_status":"","ping_status":"","sticky":false,"template":"","format":"standard","meta":{"footnotes":""},"categories":[5],"tags":[22,23,26,27,17,21,24,25,28,29,15,16,18,34,31,33,32,30,19,20],"class_list":{"0":"post-99576","1":"post","2":"type-post","3":"status-publish","4":"format-standard","5":"has-post-thumbnail","7":"category-rubriker","8":"tag-breaking-news","9":"tag-breakingnews","10":"tag-featured-news","11":"tag-featurednews","12":"tag-headlines","13":"tag-huvudnyheter","14":"tag-latest-news","15":"tag-latestnews","16":"tag-main-news","17":"tag-mainnews","18":"tag-news","19":"tag-nyheter","20":"tag-rubriker","21":"tag-se","22":"tag-svenska","23":"tag-sverige","24":"tag-sweden","25":"tag-swedish","26":"tag-top-stories","27":"tag-topstories"},"share_on_mastodon":{"url":"https:\/\/pubeurope.com\/@se\/115680034538448002","error":""},"_links":{"self":[{"href":"https:\/\/www.europesays.com\/se\/wp-json\/wp\/v2\/posts\/99576","targetHints":{"allow":["GET"]}}],"collection":[{"href":"https:\/\/www.europesays.com\/se\/wp-json\/wp\/v2\/posts"}],"about":[{"href":"https:\/\/www.europesays.com\/se\/wp-json\/wp\/v2\/types\/post"}],"author":[{"embeddable":true,"href":"https:\/\/www.europesays.com\/se\/wp-json\/wp\/v2\/users\/2"}],"replies":[{"embeddable":true,"href":"https:\/\/www.europesays.com\/se\/wp-json\/wp\/v2\/comments?post=99576"}],"version-history":[{"count":0,"href":"https:\/\/www.europesays.com\/se\/wp-json\/wp\/v2\/posts\/99576\/revisions"}],"wp:featuredmedia":[{"embeddable":true,"href":"https:\/\/www.europesays.com\/se\/wp-json\/wp\/v2\/media\/99577"}],"wp:attachment":[{"href":"https:\/\/www.europesays.com\/se\/wp-json\/wp\/v2\/media?parent=99576"}],"wp:term":[{"taxonomy":"category","embeddable":true,"href":"https:\/\/www.europesays.com\/se\/wp-json\/wp\/v2\/categories?post=99576"},{"taxonomy":"post_tag","embeddable":true,"href":"https:\/\/www.europesays.com\/se\/wp-json\/wp\/v2\/tags?post=99576"}],"curies":[{"name":"wp","href":"https:\/\/api.w.org\/{rel}","templated":true}]}}