{"id":99582,"date":"2025-12-07T20:00:19","date_gmt":"2025-12-07T20:00:19","guid":{"rendered":"https:\/\/www.europesays.com\/se\/99582\/"},"modified":"2025-12-07T20:00:19","modified_gmt":"2025-12-07T20:00:19","slug":"johan-rudstrom-det-har-behover-du-tanka-pa-nar-allt-bara-blir-dyrare-ekuriren","status":"publish","type":"post","link":"https:\/\/www.europesays.com\/se\/99582\/","title":{"rendered":"JOHAN RUDSTR\u00d6M: Det h\u00e4r beh\u00f6ver du t\u00e4nka p\u00e5 n\u00e4r allt bara blir dyrare &#8211; Ekuriren"},"content":{"rendered":"<ol>\n<li><a href=\"https:\/\/news.google.com\/rss\/articles\/CBMiswFBVV95cUxQRnpZZXhuNHU5RFBJWGo5NnFxVzVXYUsyU2RQMzNZQWh6MndVRzhzNGd5ZVpXRTM0WDZfT1BxcGdqclpaMFZ2MmxJSkNpR2J4YWRpRVFOR3E5LW5HSkEtTWFTYVY1QU1FRDRUdnpFUkduY3p4akRYRTdNNHZPbU10VEdvR29Yc2VUbU5EOTQtal9BbDFQbm5aYTRmdmh0bGVTUTBjcnQwVW5vQXVBNzRQeHk0SQ?oc=5\" target=\"_blank\" rel=\"nofollow noopener\">JOHAN RUDSTR\u00d6M: Det h\u00e4r beh\u00f6ver du t\u00e4nka p\u00e5 n\u00e4r allt bara blir dyrare<\/a>&nbsp;&nbsp;Ekuriren<\/li>\n<li><a href=\"https:\/\/news.google.com\/rss\/articles\/CBMie0FVX3lxTE9vQUo5RGpQNENGZ0dMRXlTcDR0RGVlVTU0SktXdk9mNmg3MHhPcWlieEJURzFEUW1UU29hT0JvV2x2T1QzcTd0MXlJM3JLZk1tVktHQjQ1WXdhRUx2SW5NRWN2dzhOVXpLeTUwUUlwaDdVc0hkRC1oR254Yw?oc=5\" target=\"_blank\" rel=\"nofollow noopener\">Forskare: Det skapar \u00f6vervinster i elbolagen<\/a>&nbsp;&nbsp;SvD<\/li>\n<li><a href=\"https:\/\/news.google.com\/rss\/articles\/CBMiigFBVV95cUxNeTU4a2piM2Z4RUE1YTU0OTlZdDR1aFhsMHZ1VkFSV29oSXZfNm5JWGVnOEVNczBQV0lYRXJXUjJ2a3h4X0RHOEhBN2VmWHdFMmF6WWVwRXI3emhWOFRYbHJKWWVocXhNSDJ0eXpQZlBVUFlyWlliNVhpRXBuSUZsRElqeFBfb1JOdkE?oc=5\" target=\"_blank\" rel=\"nofollow noopener\">Vattenfall utesluter inte fler avgiftsh\u00f6jningar<\/a>&nbsp;&nbsp;SVT Nyheter<\/li>\n<li><a href=\"https:\/\/news.google.com\/rss\/articles\/CBMiiAFBVV95cUxQVUxWR0t2eE14bzd6Vkg2czh5ZUt0ZlBIWXdWOWYzUWJ3Wm9JUXZ6VV9pNVZtMjh0R2o1Qk5IVDl5MlJnVkpFM3NVcUdmNFVYZjdCQkpHSEFDazBuUkVlSXU5VkZsZV9EUWhJOVRhOW5Qd0RnNm1kbVFaMTlSdW9iMWNjeE9GdGVx?oc=5\" target=\"_blank\" rel=\"nofollow noopener\">D\u00e4rf\u00f6r blir elen billigare efter \u00e5rsskiftet<\/a>&nbsp;&nbsp;Ystads Allehanda<\/li>\n<li><a href=\"https:\/\/news.google.com\/rss\/articles\/CBMiogFBVV95cUxQZk5DT01WSGRZM0JQLWI0NHlzVjg2bXctejhqOXVEYWtqRlVScmpEdVNzc29DQVRkRDlDVUt3VjFiSkxrZXR1bGM0RHBXYzlpaUE2QjM1WDc4aTRlWW0xOV9aT2pPcG9nR1ZiSlRQSUIyRnNmbGhfeEdFdGRkZzJhUVBUd1lxNk1lWGpwRDIxNkZsTVloZFZiT2dlbjlNQVZwb3c?oc=5\" target=\"_blank\" rel=\"nofollow noopener\">Ellevio om eln\u00e4tspriser, investeringar och reglering<\/a>&nbsp;&nbsp;www.ellevio.se<\/li>\n<\/ol>\n","protected":false},"excerpt":{"rendered":"JOHAN RUDSTR\u00d6M: Det h\u00e4r beh\u00f6ver du t\u00e4nka p\u00e5 n\u00e4r allt bara blir dyrare&nbsp;&nbsp;Ekuriren Forskare: Det skapar \u00f6vervinster i&hellip;\n","protected":false},"author":2,"featured_media":99583,"comment_status":"","ping_status":"","sticky":false,"template":"","format":"standard","meta":{"footnotes":""},"categories":[5],"tags":[22,23,26,27,17,21,24,25,28,29,15,16,18,34,31,33,32,30,19,20],"class_list":{"0":"post-99582","1":"post","2":"type-post","3":"status-publish","4":"format-standard","5":"has-post-thumbnail","7":"category-rubriker","8":"tag-breaking-news","9":"tag-breakingnews","10":"tag-featured-news","11":"tag-featurednews","12":"tag-headlines","13":"tag-huvudnyheter","14":"tag-latest-news","15":"tag-latestnews","16":"tag-main-news","17":"tag-mainnews","18":"tag-news","19":"tag-nyheter","20":"tag-rubriker","21":"tag-se","22":"tag-svenska","23":"tag-sverige","24":"tag-sweden","25":"tag-swedish","26":"tag-top-stories","27":"tag-topstories"},"share_on_mastodon":{"url":"https:\/\/pubeurope.com\/@se\/115680065782039864","error":""},"_links":{"self":[{"href":"https:\/\/www.europesays.com\/se\/wp-json\/wp\/v2\/posts\/99582","targetHints":{"allow":["GET"]}}],"collection":[{"href":"https:\/\/www.europesays.com\/se\/wp-json\/wp\/v2\/posts"}],"about":[{"href":"https:\/\/www.europesays.com\/se\/wp-json\/wp\/v2\/types\/post"}],"author":[{"embeddable":true,"href":"https:\/\/www.europesays.com\/se\/wp-json\/wp\/v2\/users\/2"}],"replies":[{"embeddable":true,"href":"https:\/\/www.europesays.com\/se\/wp-json\/wp\/v2\/comments?post=99582"}],"version-history":[{"count":0,"href":"https:\/\/www.europesays.com\/se\/wp-json\/wp\/v2\/posts\/99582\/revisions"}],"wp:featuredmedia":[{"embeddable":true,"href":"https:\/\/www.europesays.com\/se\/wp-json\/wp\/v2\/media\/99583"}],"wp:attachment":[{"href":"https:\/\/www.europesays.com\/se\/wp-json\/wp\/v2\/media?parent=99582"}],"wp:term":[{"taxonomy":"category","embeddable":true,"href":"https:\/\/www.europesays.com\/se\/wp-json\/wp\/v2\/categories?post=99582"},{"taxonomy":"post_tag","embeddable":true,"href":"https:\/\/www.europesays.com\/se\/wp-json\/wp\/v2\/tags?post=99582"}],"curies":[{"name":"wp","href":"https:\/\/api.w.org\/{rel}","templated":true}]}}