{"id":99584,"date":"2025-12-07T20:02:07","date_gmt":"2025-12-07T20:02:07","guid":{"rendered":"https:\/\/www.europesays.com\/se\/99584\/"},"modified":"2025-12-07T20:02:07","modified_gmt":"2025-12-07T20:02:07","slug":"succe-for-sara-hector-pa-pallen-i-kanada","status":"publish","type":"post","link":"https:\/\/www.europesays.com\/se\/99584\/","title":{"rendered":"Succ\u00e9 f\u00f6r Sara Hector \u2013 p\u00e5 pallen i Kanada"},"content":{"rendered":"<p>Publicerad 7 dec 2025 kl 19.53Uppdaterad kl 20.52<\/p>\n<p>Sara Hector, 33, slog till i Kanada.\u00a0<\/p>\n<p>Svenskan slutade tv\u00e5a i s\u00f6ndagens storslalom.\u00a0<\/p>\n<p>Det var s\u00e4songens f\u00f6rsta pallplats.<\/p>\n<p>Se senaste sportklippen fr\u00e5n Expressen<img   alt=\"\"\/><\/p>\n<p>Sara Hector.<\/p>\n<p>Foto: GEPA PICTURES\/ MATHIAS MANDL \/ GEPA PICTURES BILDBYR\u00c5N<\/p>\n<p>\u00d6ppna bild i helsk\u00e4rm<\/p>\n<p>I g\u00e5rdagens storslalom i Tremblant k\u00f6rde Sara Hector ur i det f\u00f6rsta \u00e5ket.\u00a0<\/p>\n<p>Under s\u00f6ndagen fick hon rej\u00e4l revansch.\u00a0<\/p>\n<p>Slog till med pang\u00e5k<\/p>\n<p>Svenskan var sjua efter det f\u00f6rsta \u00e5ket och svarade sedan f\u00f6r ett pang\u00e5k i det andra. 33-\u00e5ringen tog en klar ledning och kunde fr\u00e5n ledarstolen se \u00e5kare efter \u00e5kare misslyckas med att matcha henne.\u00a0<\/p>\n<p>\u2013 Det d\u00e4r var en superinsats och det syntes fr\u00e5n start. Oj, vad hon tog i, s\u00e4ger Tobias Hellman i Radiosporten.\u00a0<\/p>\n<p>Med bara tv\u00e5 \u00e5kare kvar tog \u00f6sterrikiskan Julia Scheib \u00f6ver ledningen \u2013 men Hector slutade tv\u00e5a.\u00a0<\/p>\n<p>Trea kom Alice Robinson fr\u00e5n Nya Zeeland.\u00a0<\/p>\n<p>F\u00f6rra s\u00e4songen tog Hector fyra pallplatser i storslalom, varav tv\u00e5 segrar.\u00a0<\/p>\n","protected":false},"excerpt":{"rendered":"Publicerad 7 dec 2025 kl 19.53Uppdaterad kl 20.52 Sara Hector, 33, slog till i Kanada.\u00a0 Svenskan slutade tv\u00e5a&hellip;\n","protected":false},"author":2,"featured_media":99585,"comment_status":"","ping_status":"","sticky":false,"template":"","format":"standard","meta":{"footnotes":""},"categories":[68],"tags":[34,1175,111,110,31,33,32,30],"class_list":{"0":"post-99584","1":"post","2":"type-post","3":"status-publish","4":"format-standard","5":"has-post-thumbnail","7":"category-sport","8":"tag-se","9":"tag-sections-alpint","10":"tag-sport","11":"tag-sports","12":"tag-svenska","13":"tag-sverige","14":"tag-sweden","15":"tag-swedish"},"share_on_mastodon":{"url":"https:\/\/pubeurope.com\/@se\/115680073694648106","error":""},"_links":{"self":[{"href":"https:\/\/www.europesays.com\/se\/wp-json\/wp\/v2\/posts\/99584","targetHints":{"allow":["GET"]}}],"collection":[{"href":"https:\/\/www.europesays.com\/se\/wp-json\/wp\/v2\/posts"}],"about":[{"href":"https:\/\/www.europesays.com\/se\/wp-json\/wp\/v2\/types\/post"}],"author":[{"embeddable":true,"href":"https:\/\/www.europesays.com\/se\/wp-json\/wp\/v2\/users\/2"}],"replies":[{"embeddable":true,"href":"https:\/\/www.europesays.com\/se\/wp-json\/wp\/v2\/comments?post=99584"}],"version-history":[{"count":0,"href":"https:\/\/www.europesays.com\/se\/wp-json\/wp\/v2\/posts\/99584\/revisions"}],"wp:featuredmedia":[{"embeddable":true,"href":"https:\/\/www.europesays.com\/se\/wp-json\/wp\/v2\/media\/99585"}],"wp:attachment":[{"href":"https:\/\/www.europesays.com\/se\/wp-json\/wp\/v2\/media?parent=99584"}],"wp:term":[{"taxonomy":"category","embeddable":true,"href":"https:\/\/www.europesays.com\/se\/wp-json\/wp\/v2\/categories?post=99584"},{"taxonomy":"post_tag","embeddable":true,"href":"https:\/\/www.europesays.com\/se\/wp-json\/wp\/v2\/tags?post=99584"}],"curies":[{"name":"wp","href":"https:\/\/api.w.org\/{rel}","templated":true}]}}