{"id":99588,"date":"2025-12-07T20:08:13","date_gmt":"2025-12-07T20:08:13","guid":{"rendered":"https:\/\/www.europesays.com\/se\/99588\/"},"modified":"2025-12-07T20:08:13","modified_gmt":"2025-12-07T20:08:13","slug":"mare-kandre-sag-livet-for-vad-det-var","status":"publish","type":"post","link":"https:\/\/www.europesays.com\/se\/99588\/","title":{"rendered":"Mare Kandre s\u00e5g livet f\u00f6r vad det var"},"content":{"rendered":"<p>Detta \u00e4r en understreckare, en f\u00f6rdjupande ess\u00e4, dagligen i SvD sedan 1918. \u00c5sikter som uttrycks \u00e4r skribentens egna.<\/p>\n<p>I \u00e5r \u00e4r det 20 \u00e5r sedan Mare Kandre (f\u00f6dd 1962) gick bort. N\u00e4r jag f\u00e5r fr\u00e5gan att skriva n\u00e5got med anledning av detta k\u00e4nns det som en h\u00e4lsning fr\u00e5n henne. Det beror p\u00e5 att jag samtidigt r\u00e5kar undervisa om en av de f\u00f6rfattare som intresserade Mare Kandre, n\u00e4mligen Emily Bront\u00eb, om vilket hon vittnade redan 1984 i tidningen Schlager n\u00e4r hon var medlem i postpunkbandet Global Infantilists: \u201dJag l\u00e4ser mest Emily Bront\u00eb, Virginia Woolf, Emily Dickinson och n\u00e4r jag var yngre ocks\u00e5 Sylvia Plath.\u201d <\/p>\n","protected":false},"excerpt":{"rendered":"Detta \u00e4r en understreckare, en f\u00f6rdjupande ess\u00e4, dagligen i SvD sedan 1918. \u00c5sikter som uttrycks \u00e4r skribentens egna.&hellip;\n","protected":false},"author":2,"featured_media":99589,"comment_status":"","ping_status":"","sticky":false,"template":"","format":"standard","meta":{"footnotes":""},"categories":[5],"tags":[22,23,26,27,17,21,24,25,28,29,15,16,18,34,31,33,32,30,19,20],"class_list":{"0":"post-99588","1":"post","2":"type-post","3":"status-publish","4":"format-standard","5":"has-post-thumbnail","7":"category-rubriker","8":"tag-breaking-news","9":"tag-breakingnews","10":"tag-featured-news","11":"tag-featurednews","12":"tag-headlines","13":"tag-huvudnyheter","14":"tag-latest-news","15":"tag-latestnews","16":"tag-main-news","17":"tag-mainnews","18":"tag-news","19":"tag-nyheter","20":"tag-rubriker","21":"tag-se","22":"tag-svenska","23":"tag-sverige","24":"tag-sweden","25":"tag-swedish","26":"tag-top-stories","27":"tag-topstories"},"share_on_mastodon":{"url":"https:\/\/pubeurope.com\/@se\/115680097250351717","error":""},"_links":{"self":[{"href":"https:\/\/www.europesays.com\/se\/wp-json\/wp\/v2\/posts\/99588","targetHints":{"allow":["GET"]}}],"collection":[{"href":"https:\/\/www.europesays.com\/se\/wp-json\/wp\/v2\/posts"}],"about":[{"href":"https:\/\/www.europesays.com\/se\/wp-json\/wp\/v2\/types\/post"}],"author":[{"embeddable":true,"href":"https:\/\/www.europesays.com\/se\/wp-json\/wp\/v2\/users\/2"}],"replies":[{"embeddable":true,"href":"https:\/\/www.europesays.com\/se\/wp-json\/wp\/v2\/comments?post=99588"}],"version-history":[{"count":0,"href":"https:\/\/www.europesays.com\/se\/wp-json\/wp\/v2\/posts\/99588\/revisions"}],"wp:featuredmedia":[{"embeddable":true,"href":"https:\/\/www.europesays.com\/se\/wp-json\/wp\/v2\/media\/99589"}],"wp:attachment":[{"href":"https:\/\/www.europesays.com\/se\/wp-json\/wp\/v2\/media?parent=99588"}],"wp:term":[{"taxonomy":"category","embeddable":true,"href":"https:\/\/www.europesays.com\/se\/wp-json\/wp\/v2\/categories?post=99588"},{"taxonomy":"post_tag","embeddable":true,"href":"https:\/\/www.europesays.com\/se\/wp-json\/wp\/v2\/tags?post=99588"}],"curies":[{"name":"wp","href":"https:\/\/api.w.org\/{rel}","templated":true}]}}