{"id":99590,"date":"2025-12-07T20:10:12","date_gmt":"2025-12-07T20:10:12","guid":{"rendered":"https:\/\/www.europesays.com\/se\/99590\/"},"modified":"2025-12-07T20:10:12","modified_gmt":"2025-12-07T20:10:12","slug":"spurs-utreder-bissouma-efter-ny-lustgas-incident-premier-league","status":"publish","type":"post","link":"https:\/\/www.europesays.com\/se\/99590\/","title":{"rendered":"Spurs utreder Bissouma &#8211; efter ny lustgas-incident &#8211; Premier League"},"content":{"rendered":"<p>Det var under l\u00f6rdagen som tabloiden The Sun publicerade en video d\u00e4r Tottenham-spelaren Yves Bissouma ser ut att inhalera lustgas.<\/p>\n<p>I fjol fick Bissouma en matchs avst\u00e4ngning av Spurs, d\u00e5 liknande bilder p\u00e5 honom spreds p\u00e5 plattformen Snapchat.<\/p>\n<p>Sedan 2023 \u00e4r bruk av lustgas olagligt i Storbritannien och kan leda till tv\u00e5 \u00e5rs f\u00e4ngelse.<\/p>\n<p>BBC rapporterar nu att Tottenham \u00e4r medvetna om den nya filmen p\u00e5 ett misst\u00e4nkt lustgas-bruk av Bissouma.<\/p>\n<p>&#8211; Vi unders\u00f6ker h\u00e4ndelsen och det kommer att hanteras som en intern fr\u00e5ga, s\u00e4ger en talesperson f\u00f6r klubben till kanalen.<\/p>\n<p>Yves Bissouma, sitter p\u00e5 ett utg\u00e5ende kontrakt i Tottenham. Mittf\u00e4ltaren har inte gjort ett enda t\u00e4vlingsframtr\u00e4dande den h\u00e4r s\u00e4songen. <\/p>\n<p>I augusti blev 29-\u00e5ringen straffad disciplin\u00e4ra sk\u00e4l d\u00e5 han kommit f\u00f6r sent till klubbens tr\u00e4ningar. Han har under h\u00f6sten \u00e4ven dragits med skadeproblem. <\/p>\n","protected":false},"excerpt":{"rendered":"Det var under l\u00f6rdagen som tabloiden The Sun publicerade en video d\u00e4r Tottenham-spelaren Yves Bissouma ser ut att&hellip;\n","protected":false},"author":2,"featured_media":99591,"comment_status":"","ping_status":"","sticky":false,"template":"","format":"standard","meta":{"footnotes":""},"categories":[68],"tags":[34,111,110,31,33,32,30],"class_list":{"0":"post-99590","1":"post","2":"type-post","3":"status-publish","4":"format-standard","5":"has-post-thumbnail","7":"category-sport","8":"tag-se","9":"tag-sport","10":"tag-sports","11":"tag-svenska","12":"tag-sverige","13":"tag-sweden","14":"tag-swedish"},"share_on_mastodon":{"url":"https:\/\/pubeurope.com\/@se\/115680105182469718","error":""},"_links":{"self":[{"href":"https:\/\/www.europesays.com\/se\/wp-json\/wp\/v2\/posts\/99590","targetHints":{"allow":["GET"]}}],"collection":[{"href":"https:\/\/www.europesays.com\/se\/wp-json\/wp\/v2\/posts"}],"about":[{"href":"https:\/\/www.europesays.com\/se\/wp-json\/wp\/v2\/types\/post"}],"author":[{"embeddable":true,"href":"https:\/\/www.europesays.com\/se\/wp-json\/wp\/v2\/users\/2"}],"replies":[{"embeddable":true,"href":"https:\/\/www.europesays.com\/se\/wp-json\/wp\/v2\/comments?post=99590"}],"version-history":[{"count":0,"href":"https:\/\/www.europesays.com\/se\/wp-json\/wp\/v2\/posts\/99590\/revisions"}],"wp:featuredmedia":[{"embeddable":true,"href":"https:\/\/www.europesays.com\/se\/wp-json\/wp\/v2\/media\/99591"}],"wp:attachment":[{"href":"https:\/\/www.europesays.com\/se\/wp-json\/wp\/v2\/media?parent=99590"}],"wp:term":[{"taxonomy":"category","embeddable":true,"href":"https:\/\/www.europesays.com\/se\/wp-json\/wp\/v2\/categories?post=99590"},{"taxonomy":"post_tag","embeddable":true,"href":"https:\/\/www.europesays.com\/se\/wp-json\/wp\/v2\/tags?post=99590"}],"curies":[{"name":"wp","href":"https:\/\/api.w.org\/{rel}","templated":true}]}}