{"id":99600,"date":"2025-12-07T20:31:07","date_gmt":"2025-12-07T20:31:07","guid":{"rendered":"https:\/\/www.europesays.com\/se\/99600\/"},"modified":"2025-12-07T20:31:07","modified_gmt":"2025-12-07T20:31:07","slug":"god-man-misstanks-ha-plundrat-95-arig-kvinna-atalas","status":"publish","type":"post","link":"https:\/\/www.europesays.com\/se\/99600\/","title":{"rendered":"God man misst\u00e4nks ha plundrat 95-\u00e5rig kvinna \u2013 \u00e5talas"},"content":{"rendered":"<p>En tidigare god man sitter h\u00e4ktad misst\u00e4nkt f\u00f6r att ha lurat en 95-\u00e5rig kvinna p\u00e5 hennes tillg\u00e5ngar, s\u00e5lt bostaden med tillh\u00f6righeter, f\u00f6rfalskat hennes namnteckning och \u00f6verf\u00f6rt pengar till sig sj\u00e4lv.<\/p>\n<p>Kvinnan \u201ddumpades\u201d sedan 25 mil bort, p\u00e5 en ny ort i en annan kommun.<\/p>\n<p>Mannen \u00e5talas nu f\u00f6r flera misst\u00e4nkta brott.<\/p>\n<p>\u2013 Han har utnyttjat sin st\u00e4llning som god man, s\u00e4ger kammar\u00e5klagare Ida Sandell.<\/p>\n<p>Senaste nyhetsklippen fr\u00e5n Expressen.<img   alt=\"\"\/><\/p>\n<p>Den tidigare gode mannen \u00e4r nu \u00e5talad f\u00f6r flera brott mot den gamla damen.<\/p>\n<p>\u00d6ppna bild i helsk\u00e4rm<img loading=\"lazy\"   alt=\"\"\/><\/p>\n<p>Dokumentet d\u00e4r den nu \u00e5talade mannen hoppar av fr\u00e5n uppdraget som god man, men forts\u00e4tter som \u201dekonomisk r\u00e5dgivare\u201d.<\/p>\n<p>Foto: EKOBROTTSMYNDIGHETEN<\/p>\n<p>\u00d6ppna bild i helsk\u00e4rm<\/p>\n<p>Den tidigare gode mannen greps den 1 oktober i sin fritidsbostad i Mellansverige och sitter i dag h\u00e4ktad i avvaktan p\u00e5 r\u00e4tteg\u00e5ng.<\/p>\n<p>Utredningen om den i dag 95-\u00e5riga kvinnans liv \u00e4r full av detaljer om hennes utsatta l\u00e4ge.<\/p>\n<p>F\u00f6rh\u00f6r med grannar som pl\u00f6tsligt tappat kontakten med henne, hemtj\u00e4nsten som sl\u00e5r larm, den misst\u00e4nkte som p\u00e5st\u00e5r att kvinnan uppfattade honom som en son.<\/p>\n<p>Artikeln i korthet<\/p>\n<p> En god man misst\u00e4nks ha plundrat 95-\u00e5rig kvinna p\u00e5 tillg\u00e5ngar och s\u00e5lt hennes bostad.<\/p>\n<p> Kvinnan flyttades 25 mil bort och isolerades<\/p>\n<p> Mannen \u00e5talas f\u00f6r grov trol\u00f6shet och bedr\u00e4geri.<\/p>\n<p> 1,7 miljoner kronor i beslag.<\/p>\n<p> Han f\u00f6rnekar brott.<\/p>\n<p>Visa mer<\/p>\n<p>I utredningen finns ocks\u00e5 en orosanm\u00e4lan fr\u00e5n en enhetschef inom hemtj\u00e4nsten i Askersunds kommun, dit kvinnan flyttades fr\u00e5n Kungs\u00e4ngen i Upplands-Bro kommun med hj\u00e4lp av den gode mannen.<\/p>\n<p>Han hade mantalsskrivit kvinnan p\u00e5 ett seniorboende d\u00e4r man i princip sk\u00f6ter sig sj\u00e4lv, vilket f\u00f6ruts\u00e4tter att den ber\u00f6rda kan klara sitt eget boende med visst st\u00f6d. Kommunen lade dock ned anm\u00e4lan.<\/p>\n<p>Larmet: Misst\u00e4nker f\u00f6rskingring<\/p>\n<p>Personalen inom hemtj\u00e4nsten i den nya kommunen st\u00f6tte p\u00e5 den ena underligheten efter den andra, och uppfattade kvinnan som isolerad fr\u00e5n omv\u00e4rlden. Ingen verkade s\u00f6rja f\u00f6r henne. Sj\u00e4lv sa hon till personalen att hon inte hade n\u00e5gra pengar.<\/p>\n<p>Fakta: God man<\/p>\n<p>En god man \u00e4r en person som utses av tingsr\u00e4tten f\u00f6r att hj\u00e4lpa n\u00e5gon som p\u00e5 grund av sjukdom, psykisk st\u00f6rning, f\u00f6rsvagat h\u00e4lsotillst\u00e5nd eller liknande f\u00f6rh\u00e5llanden beh\u00f6ver hj\u00e4lp att bevaka sina r\u00e4ttigheter, f\u00f6rvalta sin egendom eller s\u00f6rja f\u00f6r sin person.<\/p>\n<p>En god man har ingen fullmakt att fatta beslut mot huvudmannens vilja, utan fungerar som ett st\u00f6d och ska alltid samr\u00e5da med huvudmannen i viktiga fr\u00e5gor. En god man kan till exempel hj\u00e4lpa till med att betala r\u00e4kningar, ans\u00f6ka om bidrag eller s\u00e4lja en bostad.<\/p>\n<p>Kommunen ansvarar f\u00f6r tillsyn och rekrytering av god man.<\/p>\n<p>K\u00e4lla: Sveriges domstolar<\/p>\n<p>Visa mer<\/p>\n<p>\u2013 I januari i \u00e5r gjorde jag en orosanm\u00e4lan kring henne, d\u00e4r jag misst\u00e4nkte f\u00f6rskingring. F\u00f6r det var liksom de misstankarna jag gick i. Det k\u00e4ndes v\u00e4ldigt obehagligt. N\u00e5gonting var inte som det skulle, ber\u00e4ttar enhetschefen i f\u00f6rh\u00f6r.<\/p>\n<p>Den gode mannen beskrivs som \u201den hal person\u201d.<\/p>\n<p><img loading=\"lazy\"   alt=\"\"\/><\/p>\n<p>Personal inom hemtj\u00e4nsten i Askersund vittnar om att den gamla kvinnan blev isolerad efter flytten.<\/p>\n<p>Foto: Oscar Olsson\/TT NYHETSBYR\u00c5N<\/p>\n<p>\u00d6ppna bild i helsk\u00e4rm<\/p>\n<p>Det framg\u00e5r ocks\u00e5 av f\u00f6rh\u00f6ren med anst\u00e4llda inom hemtj\u00e4nsten att kvinnan m\u00e5dde allt s\u00e4mre p\u00e5 grund av isoleringen.<\/p>\n<p>Hennes bostad p\u00e5 seniorboendet bestod i stort bara av ett bord och en gammal stol. Och den lilla bekantskapskrets hon hade haft under de 43 \u00e5r i l\u00e4genheten i Kungs\u00e4ngen var alltf\u00f6r l\u00e5ngt bort f\u00f6r att hon skulle kunna tr\u00e4ffa n\u00e5gon.<\/p>\n<p>I dag finns drygt 800 sidor utredning som gjorts av <a href=\"https:\/\/www.expressen.se\/tagg\/organization\/ekobrottsmyndigheten\/\" class=\"\" rel=\"nofollow noopener\" target=\"_blank\">Ekobrottsmyndigheten<\/a>, EBM, och en \u00e5tta sidor l\u00e5ng st\u00e4mningsans\u00f6kan. I dagarna \u00e5talades den tidigare gode mannen av kammar\u00e5klagare Ida Sandell.<\/p>\n<p>Tog bostaden<\/p>\n<p>Den gamla kvinnan har \u201dtillfogats betydande eller k\u00e4nnbar skada\u201d som \u201dsk\u00f6r person\u201d i h\u00f6g \u00e5lder, skriver kammar\u00e5klagare Ida Sandell under den f\u00f6rsta \u00e5talspunkten; grov trol\u00f6shet mot huvudman.<\/p>\n<p>Ida Sandell s\u00e4ger:<\/p>\n<p>\u2013 Han har utnyttjat sin st\u00e4llning som god man f\u00f6r att tillskansa sig v\u00e4rdet av en bostadsl\u00e4genhet, p\u00e5st\u00e5r jag.<\/p>\n<p>I transaktionen med bostadsr\u00e4tten \u00f6verf\u00f6rdes den till den misst\u00e4nkte mannen utan kostnad. Senare s\u00e5lde han den f\u00f6r 1 350 000 kronor. Men samtidigt s\u00e4ger han att han innan den slutliga f\u00f6rs\u00e4ljningen lagt ut drygt 700 000 kronor ur egen ficka f\u00f6r att l\u00f6sa ett dyrt hypoteksl\u00e5n som kvinnan hade.<\/p>\n<p><img loading=\"lazy\"   alt=\"\"\/><\/p>\n<p>Den gamla kvinnan k\u00e4nde sig helt ensam och att livet var f\u00f6rst\u00f6rt efter flytten till den nya kommunen. (Arkivbild)<\/p>\n<p>Foto: SOFIA SABEL \/ DN TT NYHETSBYR\u00c5N<\/p>\n<p>\u00d6ppna bild i helsk\u00e4rm<\/p>\n<p>En annan \u00e5talspunkt g\u00e4ller grovt bedr\u00e4geri, d\u00e4r mannen ska ha f\u00f6rt \u00f6ver 300 000 kronor fr\u00e5n kvinnans konto till sig sj\u00e4lv.<\/p>\n<p>\u2013 Det \u00e4r stora v\u00e4rden f\u00f6r m\u00e5ls\u00e4gandens del som har f\u00f6rsvunnit, s\u00e4ger Ida Sandell.<\/p>\n<p>Annons<\/p>\n<p>1,7 miljoner kronor har tagits i beslag och \u00e5klagaren beg\u00e4r att tingsr\u00e4tten ska f\u00f6rverka beloppet.<\/p>\n<p>Flera av kvinnans tidigare grannar i Kungs\u00e4ngen upplevde hennes flytt som mystisk och p\u00e5tvingad. De \u00e4r kallade som \u00e5klagarens vittnen i den kommande r\u00e4tteg\u00e5ngen.<\/p>\n<p>Brevfyndet<\/p>\n<p>I beslagen finns ett brev som en granne skickat till kvinnan efter flytten, men som utredarna fann hos den gode mannen.\u00a0<\/p>\n<p>F\u00f6rh\u00f6rsledaren pressar mannen om brevfyndet.<\/p>\n<p>\u2013 Jag har ocks\u00e5 hittat rent personliga saker. Till exempel brev fr\u00e5n X som hon skickar i samband med flytten. En h\u00e4lsning till (kvinnans namn) och n\u00e5got tidningsurklipp. Tycker du inte att (kvinnans namn) skulle ha det brevet?, fr\u00e5gar f\u00f6rh\u00f6rsledaren.<\/p>\n<p>\u2013 Jo, jo, svarar mannen.<\/p>\n<p>\u2013 Varf\u00f6r ligger det hos dig?, fr\u00e5gar f\u00f6rh\u00f6rsledaren.<\/p>\n<p><strong>\u2013<\/strong> (Kvinnans namn) har v\u00e4l haft brevet en g\u00e5ng i tiden och l\u00e4st det. Det \u00e4r v\u00e4l inget som jag undanh\u00e5llit henne. Det har v\u00e4l bara hamnat d\u00e4r. Jag kan inte f\u00f6rklara det p\u00e5 n\u00e5got annat s\u00e4tt.<\/p>\n<p><img loading=\"lazy\"   alt=\"\"\/><\/p>\n<p>\u2013 Jag f\u00f6rst\u00e5r ju att jag har gjort hur m\u00e5nga fel som helst. s\u00e4ger mannen i f\u00f6rh\u00f6r.<\/p>\n<p>\u00d6ppna bild i helsk\u00e4rm<\/p>\n<p>I f\u00f6rh\u00f6ren p\u00e5st\u00e5r mannen att kvinnan har varit helt klar och medveten om flytten, som berodde p\u00e5 en kommande stamrenovering i bostadsr\u00e4ttsf\u00f6reningen. Han kunde inte hitta n\u00e5got boende i Kungs\u00e4ngen som motsvarade hennes kostnadsniv\u00e5.<\/p>\n<p>\u2013 Jag var som sagt p\u00e5 desperat jakt efter n\u00e5gonstans att f\u00e5 henne att bo, s\u00e4ger han i f\u00f6rh\u00f6r.<\/p>\n<p>\u201dDet har blivit en soppa\u201d<\/p>\n<p>Vidare har han uppgett att kvinnan betraktade honom som sin son. Den uppgiften mots\u00e4gs dock av hemtj\u00e4nstpersonal som uppgett att hon inte tyckte om mannen.<\/p>\n<p>Mannen f\u00f6rnekar brott eller att han f\u00f6rs\u00f6kt lura henne. Men medger samtidigt ett antal faktiska omst\u00e4ndigheter som ligger till grund f\u00f6r \u00e5talet.<\/p>\n<p>\u2013 Det har blivit en soppa d\u00e4r. Det \u00e4r sj\u00e4lvm\u00e5l, medger han i f\u00f6rh\u00f6ret.<\/p>\n<p>Flera g\u00e5nger under f\u00f6rh\u00f6ren \u00e5terkommer den misst\u00e4nkte mannen till att han har gjort fel.<\/p>\n<p>\u2013 Jag f\u00f6rst\u00e5r ju, jag s\u00e4ger ju att jag har gjort m\u00e5nga fel. Jag har gjort j\u00e4ttem\u00e5nga fel h\u00e4r, det vet jag ju, annars hade jag v\u00e4l inte suttit lika illa till.<\/p>\n<p>Utkast till nytt testamente\u00a0<\/p>\n<p>Och p\u00e5 ett annat st\u00e4lle i f\u00f6rh\u00f6ren:<\/p>\n<p>\u2013 Jag har ju gjort idiottransaktioner, idiotuppl\u00e4gg.<\/p>\n<p>Ekobrottsmyndighetens IT-tekniker har ocks\u00e5 funnit ett utkast till nytt testamente fr\u00e5n kvinnan i mannens dator. D\u00e4r st\u00e5r mannen som ensam f\u00f6rm\u00e5nstagare.<\/p>\n<p>Mannen tillbakavisar att han gjort n\u00e5got brottsligt mot den 95-\u00e5riga kvinnan.<\/p>\n<p>\u2013 Han f\u00f6rnekar g\u00e4rningarna. Det finns en h\u00e4ndelsekedja som utspelat sig mellan honom och den kvinna som han tidigare har varit god man f\u00f6r och d\u00e4refter varit ekonomisk r\u00e5dgivare \u00e5t. Enligt hans f\u00f6rmenande har det inte \u00e4gt rum n\u00e5gra oegentligenheter \u00f6verhuvudtaget, s\u00e4ger hans f\u00f6rsvarare, advokat Jonas Granfelt.<\/p>\n","protected":false},"excerpt":{"rendered":"En tidigare god man sitter h\u00e4ktad misst\u00e4nkt f\u00f6r att ha lurat en 95-\u00e5rig kvinna p\u00e5 hennes tillg\u00e5ngar, s\u00e5lt&hellip;\n","protected":false},"author":2,"featured_media":99601,"comment_status":"","ping_status":"","sticky":false,"template":"","format":"standard","meta":{"footnotes":""},"categories":[12],"tags":[22,23,26,27,17,21,24,25,11491,11490,28,29,15,16,2845,2686,2687,18,34,1865,31,33,32,30,19,892,1307,2688,1153,20],"class_list":{"0":"post-99600","1":"post","2":"type-post","3":"status-publish","4":"format-standard","5":"has-post-thumbnail","7":"category-sverige","8":"tag-breaking-news","9":"tag-breakingnews","10":"tag-featured-news","11":"tag-featurednews","12":"tag-headlines","13":"tag-huvudnyheter","14":"tag-latest-news","15":"tag-latestnews","16":"tag-location-askersund-kommun","17":"tag-location-upplands-bro","18":"tag-main-news","19":"tag-mainnews","20":"tag-news","21":"tag-nyheter","22":"tag-organization-attunda-tingsratt","23":"tag-organization-ebm","24":"tag-organization-ekobrottsmyndigheten","25":"tag-rubriker","26":"tag-se","27":"tag-sections-bostad","28":"tag-svenska","29":"tag-sverige","30":"tag-sweden","31":"tag-swedish","32":"tag-top-stories","33":"tag-topic-aldreomsorg","34":"tag-topic-bedrageri","35":"tag-topic-ekobrott","36":"tag-topic-kriminalvard-fangelse","37":"tag-topstories"},"share_on_mastodon":{"url":"","error":"Validation failed: Text character limit of 500 exceeded"},"_links":{"self":[{"href":"https:\/\/www.europesays.com\/se\/wp-json\/wp\/v2\/posts\/99600","targetHints":{"allow":["GET"]}}],"collection":[{"href":"https:\/\/www.europesays.com\/se\/wp-json\/wp\/v2\/posts"}],"about":[{"href":"https:\/\/www.europesays.com\/se\/wp-json\/wp\/v2\/types\/post"}],"author":[{"embeddable":true,"href":"https:\/\/www.europesays.com\/se\/wp-json\/wp\/v2\/users\/2"}],"replies":[{"embeddable":true,"href":"https:\/\/www.europesays.com\/se\/wp-json\/wp\/v2\/comments?post=99600"}],"version-history":[{"count":0,"href":"https:\/\/www.europesays.com\/se\/wp-json\/wp\/v2\/posts\/99600\/revisions"}],"wp:featuredmedia":[{"embeddable":true,"href":"https:\/\/www.europesays.com\/se\/wp-json\/wp\/v2\/media\/99601"}],"wp:attachment":[{"href":"https:\/\/www.europesays.com\/se\/wp-json\/wp\/v2\/media?parent=99600"}],"wp:term":[{"taxonomy":"category","embeddable":true,"href":"https:\/\/www.europesays.com\/se\/wp-json\/wp\/v2\/categories?post=99600"},{"taxonomy":"post_tag","embeddable":true,"href":"https:\/\/www.europesays.com\/se\/wp-json\/wp\/v2\/tags?post=99600"}],"curies":[{"name":"wp","href":"https:\/\/api.w.org\/{rel}","templated":true}]}}