{"id":99647,"date":"2025-12-07T22:49:24","date_gmt":"2025-12-07T22:49:24","guid":{"rendered":"https:\/\/www.europesays.com\/se\/99647\/"},"modified":"2025-12-07T22:49:24","modified_gmt":"2025-12-07T22:49:24","slug":"det-var-min-mamma-som-kom-med-iden-ystads-allehanda","status":"publish","type":"post","link":"https:\/\/www.europesays.com\/se\/99647\/","title":{"rendered":"\u201dDet var min mamma som kom med id\u00e9n\u201d \u2013 Ystads Allehanda"},"content":{"rendered":"<p>F\u00f6r fyra \u00e5r sen flyttade Matilda och David Riting med sina tv\u00e5 barn fr\u00e5n Stockholm till Br\u00f6sarp, en flytt de inte \u00e5ngrat. <\/p>\n<p>I fredags \u00f6ppnade de sin nya webbshop Tantkultur, en ren hyllning till sina mammor, och Kulturtanten.<\/p>\n<p>\u2013 Vi ska vara stolta \u00f6ver henne! s\u00e4ger Matilda Riting, 40 \u00e5r.<\/p>\n<p>Inne i det f\u00e4rgglada huset i Br\u00f6sarp lyser flitens lampa. Det minst sagt ovanligt kreativa \u00e4kta paret Riting har f\u00f6r bara n\u00e5gra dagar sedan lanserat nya webbshoppen Tantkultur, en renodlad hyllning till Kulturtanten. <\/p>\n<p>Tekniskt fel<\/p>\n<p class=\"message__text txt-ui txt-ui-2\">V\u00e4nligen f\u00f6rs\u00f6k igen senare.<\/p>\n<p>Den h\u00e4r artikeln \u00e4r bara f\u00f6r prenumeranter<\/p>\n<p class=\"txt-body txt-body-1\">Om du redan \u00e4r prenumerant: logga in!<\/p>\n","protected":false},"excerpt":{"rendered":"F\u00f6r fyra \u00e5r sen flyttade Matilda och David Riting med sina tv\u00e5 barn fr\u00e5n Stockholm till Br\u00f6sarp, en&hellip;\n","protected":false},"author":2,"featured_media":99648,"comment_status":"","ping_status":"","sticky":false,"template":"","format":"standard","meta":{"footnotes":""},"categories":[67],"tags":[104,34,31,33,32,30,105],"class_list":{"0":"post-99647","1":"post","2":"type-post","3":"status-publish","4":"format-standard","5":"has-post-thumbnail","7":"category-underhallning","8":"tag-entertainment","9":"tag-se","10":"tag-svenska","11":"tag-sverige","12":"tag-sweden","13":"tag-swedish","14":"tag-underhallning"},"share_on_mastodon":{"url":"https:\/\/pubeurope.com\/@se\/115680730367392578","error":""},"_links":{"self":[{"href":"https:\/\/www.europesays.com\/se\/wp-json\/wp\/v2\/posts\/99647","targetHints":{"allow":["GET"]}}],"collection":[{"href":"https:\/\/www.europesays.com\/se\/wp-json\/wp\/v2\/posts"}],"about":[{"href":"https:\/\/www.europesays.com\/se\/wp-json\/wp\/v2\/types\/post"}],"author":[{"embeddable":true,"href":"https:\/\/www.europesays.com\/se\/wp-json\/wp\/v2\/users\/2"}],"replies":[{"embeddable":true,"href":"https:\/\/www.europesays.com\/se\/wp-json\/wp\/v2\/comments?post=99647"}],"version-history":[{"count":0,"href":"https:\/\/www.europesays.com\/se\/wp-json\/wp\/v2\/posts\/99647\/revisions"}],"wp:featuredmedia":[{"embeddable":true,"href":"https:\/\/www.europesays.com\/se\/wp-json\/wp\/v2\/media\/99648"}],"wp:attachment":[{"href":"https:\/\/www.europesays.com\/se\/wp-json\/wp\/v2\/media?parent=99647"}],"wp:term":[{"taxonomy":"category","embeddable":true,"href":"https:\/\/www.europesays.com\/se\/wp-json\/wp\/v2\/categories?post=99647"},{"taxonomy":"post_tag","embeddable":true,"href":"https:\/\/www.europesays.com\/se\/wp-json\/wp\/v2\/tags?post=99647"}],"curies":[{"name":"wp","href":"https:\/\/api.w.org\/{rel}","templated":true}]}}