{"id":99700,"date":"2025-12-08T02:25:07","date_gmt":"2025-12-08T02:25:07","guid":{"rendered":"https:\/\/www.europesays.com\/se\/99700\/"},"modified":"2025-12-08T02:25:07","modified_gmt":"2025-12-08T02:25:07","slug":"ukraina-varnar-for-dolda-hotet-fran-ryssland","status":"publish","type":"post","link":"https:\/\/www.europesays.com\/se\/99700\/","title":{"rendered":"Ukraina varnar f\u00f6r dolda hotet fr\u00e5n Ryssland"},"content":{"rendered":"<p>Ryssland utg\u00f6r inte l\u00e4ngre bara ett millit\u00e4rt hot \u2013 i k\u00f6lvattnet av kriget har en annan dold fara vuxit fram, varnar Ukrainas underr\u00e4ttelsetj\u00e4nst SVR.<\/p>\n<p>Senaste klippen om kriget i Ukraina.<img   alt=\"\"\/><\/p>\n<p>Rysslands president Vladimir Putin.<\/p>\n<p>Foto: VYACHESLAV PROKOFYEV\/KREMLIN POO \/ STELLA PICTURES<\/p>\n<p>\u00d6ppna bild i helsk\u00e4rm<img loading=\"lazy\"   alt=\"\"\/><\/p>\n<p>Ukrainas president Volodymyr Zelenskyj.<\/p>\n<p>Foto: BLONDET-POOL\/SIPA\/SHUTTERSTOCK \/ SHUTTERSTOCK EDITORIAL\/IBL<\/p>\n<p>\u00d6ppna bild i helsk\u00e4rm<\/p>\n<p>Det handlar om landets vaccinationsprogram som enligt underr\u00e4ttelsetj\u00e4nsten \u00e4r p\u00e5 v\u00e4g in i en \u201dkollaps\u201d.<\/p>\n<p>Stora budgetnedsk\u00e4rningar och kraftigt minskade vaccinink\u00f6p har tillsammans med den v\u00e4xande antivaccinationsr\u00f6relsen i samh\u00e4llet gjort <a href=\"https:\/\/www.expressen.se\/tagg\/location\/ryssland\/\" class=\"\" rel=\"nofollow noopener\" target=\"_blank\">Ryssland<\/a> till en grogrund f\u00f6r smittsamma sjukdomar.<\/p>\n<p>\u201dDetta undergr\u00e4ver inte bara den inre stabiliteten, utan utg\u00f6r ocks\u00e5 en risk f\u00f6r grannl\u00e4nderna\u201d, konstaterar SVR i ett <a href=\"https:\/\/szru.gov.ua\/news-media\/news\/byudzhet-viiny-proty-ukrainy-znyshchuie-okhoronu-zdorovya-u-rf-vaktsynatsiinyi-kolaps\" rel=\"nofollow noopener\" target=\"_blank\">pressmeddelande<\/a>.<\/p>\n<p>Flera sjukdomar uppges \u00f6ka<\/p>\n<p>I j\u00e4mf\u00f6relse med 2024, d\u00e5 landet lade motsvarande 4,8 miljarder kronor p\u00e5 vaccin-upphandlingar, uppg\u00e5r budgeten f\u00f6r 2025 till endast 780 miljoner, enligt uppgifterna.<\/p>\n<p>Underr\u00e4ttelsetj\u00e4nsten ger exempel p\u00e5 att ryska vacciner mot hj\u00e4rnhinneinflammation bara t\u00e4cker 13 procent av behovet och HPV-vacciner s\u00e5 lite som fem procent.<\/p>\n<p>\u00c4ven grundl\u00e4ggande barnvacciner uppges drabbas, vilket redan nu syns i statistiken. M\u00e4ssling p\u00e5st\u00e5s ha \u00f6kat elvafaldigt, r\u00f6da hund sexfaldigt och kikhosta mer \u00e4n fyrafaldigt.<\/p>\n<p>\u201dDet \u00e4r uppenbart att den viktigaste faktorn \u00e4r den prioritet som ges \u00e5t finansieringen av kriget mot Ukraina, vilket tr\u00e4nger undan utgifterna f\u00f6r h\u00e4lso- och sjukv\u00e5rd\u201d, h\u00e4vdar SVR.<\/p>\n<p>Attack mot Krimhalv\u00f6n.<\/p>\n","protected":false},"excerpt":{"rendered":"Ryssland utg\u00f6r inte l\u00e4ngre bara ett millit\u00e4rt hot \u2013 i k\u00f6lvattnet av kriget har en annan dold fara&hellip;\n","protected":false},"author":2,"featured_media":99701,"comment_status":"","ping_status":"","sticky":false,"template":"","format":"standard","meta":{"footnotes":""},"categories":[69],"tags":[113,112,274,202,276,34,55,31,33,32,30,997],"class_list":{"0":"post-99700","1":"post","2":"type-post","3":"status-publish","4":"format-standard","5":"has-post-thumbnail","7":"category-halsa","8":"tag-halsa","9":"tag-health","10":"tag-location-ryssland","11":"tag-location-ukraina","12":"tag-newsstory-kriget-i-ukraina","13":"tag-se","14":"tag-sections-varlden","15":"tag-svenska","16":"tag-sverige","17":"tag-sweden","18":"tag-swedish","19":"tag-topic-vaccination"},"share_on_mastodon":{"url":"https:\/\/pubeurope.com\/@se\/115681579727916666","error":""},"_links":{"self":[{"href":"https:\/\/www.europesays.com\/se\/wp-json\/wp\/v2\/posts\/99700","targetHints":{"allow":["GET"]}}],"collection":[{"href":"https:\/\/www.europesays.com\/se\/wp-json\/wp\/v2\/posts"}],"about":[{"href":"https:\/\/www.europesays.com\/se\/wp-json\/wp\/v2\/types\/post"}],"author":[{"embeddable":true,"href":"https:\/\/www.europesays.com\/se\/wp-json\/wp\/v2\/users\/2"}],"replies":[{"embeddable":true,"href":"https:\/\/www.europesays.com\/se\/wp-json\/wp\/v2\/comments?post=99700"}],"version-history":[{"count":0,"href":"https:\/\/www.europesays.com\/se\/wp-json\/wp\/v2\/posts\/99700\/revisions"}],"wp:featuredmedia":[{"embeddable":true,"href":"https:\/\/www.europesays.com\/se\/wp-json\/wp\/v2\/media\/99701"}],"wp:attachment":[{"href":"https:\/\/www.europesays.com\/se\/wp-json\/wp\/v2\/media?parent=99700"}],"wp:term":[{"taxonomy":"category","embeddable":true,"href":"https:\/\/www.europesays.com\/se\/wp-json\/wp\/v2\/categories?post=99700"},{"taxonomy":"post_tag","embeddable":true,"href":"https:\/\/www.europesays.com\/se\/wp-json\/wp\/v2\/tags?post=99700"}],"curies":[{"name":"wp","href":"https:\/\/api.w.org\/{rel}","templated":true}]}}