{"id":99756,"date":"2025-12-08T05:06:08","date_gmt":"2025-12-08T05:06:08","guid":{"rendered":"https:\/\/www.europesays.com\/se\/99756\/"},"modified":"2025-12-08T05:06:08","modified_gmt":"2025-12-08T05:06:08","slug":"har-mordas-16-arige-rio-i-fruangen-skyttens-ord-till-flickvannen","status":"publish","type":"post","link":"https:\/\/www.europesays.com\/se\/99756\/","title":{"rendered":"H\u00e4r m\u00f6rdas 16-\u00e5rige Rio i Fru\u00e4ngen \u2022 Skyttens ord till flickv\u00e4nnen"},"content":{"rendered":"<p>Publicerad 8 dec 2025 kl 05.00<\/p>\n<p>PremiumBara n\u00e5gra minuter efter att 16-\u00e5rige Rio Berg Ayg\u00fcn skjutits ihj\u00e4l skriver den misst\u00e4nkte skytten till sin 17-\u00e5riga flickv\u00e4n.\u00a0<\/p>\n<p>\u201dS\u00e4g till min mamma att jag \u00e4lskar henne. F\u00f6rl\u00e5t.\u201d<\/p>\n<p>Nu p\u00e5g\u00e5r mordr\u00e4tteg\u00e5ngen mot honom och hans medhj\u00e4lpare: En 15-\u00e5rig pojke och tv\u00e5 18-\u00e5riga kvinnor.\u00a0<\/p>\n<p><img   alt=\"\"\/><\/p>\n<p>16-\u00e5rige Rio Berg Ayg\u00fcn sk\u00f6ts ihj\u00e4l i Fru\u00e4ngen i s\u00f6dra Stockholm i en uppenbar felskjutning.<\/p>\n<p>Foto: Privat<\/p>\n<p>\u00d6ppna bild i helsk\u00e4rm<img loading=\"lazy\"   alt=\"\"\/><\/p>\n<p>Skytten spanar p\u00e5 sina offer i Fru\u00e4ngen centrum.<\/p>\n<p>Foto: Polisen<\/p>\n<p>\u00d6ppna bild i helsk\u00e4rm<\/p>\n","protected":false},"excerpt":{"rendered":"Publicerad 8 dec 2025 kl 05.00 PremiumBara n\u00e5gra minuter efter att 16-\u00e5rige Rio Berg Ayg\u00fcn skjutits ihj\u00e4l skriver&hellip;\n","protected":false},"author":2,"featured_media":99757,"comment_status":"","ping_status":"","sticky":false,"template":"","format":"standard","meta":{"footnotes":""},"categories":[12],"tags":[22,23,26,27,17,21,24,25,11496,28,29,15,16,103,18,34,666,31,33,32,30,19,668,136,20],"class_list":{"0":"post-99756","1":"post","2":"type-post","3":"status-publish","4":"format-standard","5":"has-post-thumbnail","7":"category-sverige","8":"tag-breaking-news","9":"tag-breakingnews","10":"tag-featured-news","11":"tag-featurednews","12":"tag-headlines","13":"tag-huvudnyheter","14":"tag-latest-news","15":"tag-latestnews","16":"tag-location-fruangen","17":"tag-main-news","18":"tag-mainnews","19":"tag-news","20":"tag-nyheter","21":"tag-premium","22":"tag-rubriker","23":"tag-se","24":"tag-sections-krim","25":"tag-svenska","26":"tag-sverige","27":"tag-sweden","28":"tag-swedish","29":"tag-top-stories","30":"tag-topic-gangkriminalitet","31":"tag-topic-rattegangar-domar","32":"tag-topstories"},"share_on_mastodon":{"url":"https:\/\/pubeurope.com\/@se\/115682212827138902","error":""},"_links":{"self":[{"href":"https:\/\/www.europesays.com\/se\/wp-json\/wp\/v2\/posts\/99756","targetHints":{"allow":["GET"]}}],"collection":[{"href":"https:\/\/www.europesays.com\/se\/wp-json\/wp\/v2\/posts"}],"about":[{"href":"https:\/\/www.europesays.com\/se\/wp-json\/wp\/v2\/types\/post"}],"author":[{"embeddable":true,"href":"https:\/\/www.europesays.com\/se\/wp-json\/wp\/v2\/users\/2"}],"replies":[{"embeddable":true,"href":"https:\/\/www.europesays.com\/se\/wp-json\/wp\/v2\/comments?post=99756"}],"version-history":[{"count":0,"href":"https:\/\/www.europesays.com\/se\/wp-json\/wp\/v2\/posts\/99756\/revisions"}],"wp:featuredmedia":[{"embeddable":true,"href":"https:\/\/www.europesays.com\/se\/wp-json\/wp\/v2\/media\/99757"}],"wp:attachment":[{"href":"https:\/\/www.europesays.com\/se\/wp-json\/wp\/v2\/media?parent=99756"}],"wp:term":[{"taxonomy":"category","embeddable":true,"href":"https:\/\/www.europesays.com\/se\/wp-json\/wp\/v2\/categories?post=99756"},{"taxonomy":"post_tag","embeddable":true,"href":"https:\/\/www.europesays.com\/se\/wp-json\/wp\/v2\/tags?post=99756"}],"curies":[{"name":"wp","href":"https:\/\/api.w.org\/{rel}","templated":true}]}}