{"id":99769,"date":"2025-12-08T05:23:59","date_gmt":"2025-12-08T05:23:59","guid":{"rendered":"https:\/\/www.europesays.com\/se\/99769\/"},"modified":"2025-12-08T05:23:59","modified_gmt":"2025-12-08T05:23:59","slug":"lasse-68-forlorade-tva-barn-inom-tva-manader","status":"publish","type":"post","link":"https:\/\/www.europesays.com\/se\/99769\/","title":{"rendered":"Lasse, 68, f\u00f6rlorade tv\u00e5 barn inom tv\u00e5 m\u00e5nader"},"content":{"rendered":"<p>Publicerad 7 dec 2025 kl 14.53Uppdaterad kl 16.02<\/p>\n<p>I augusti f\u00f6rra \u00e5ret f\u00f6rlorade Lasse Wennman dottern Malin, som valde att avsluta sitt liv.<\/p>\n<p>Tv\u00e5 m\u00e5nader senare hittades sonen Daniel livl\u00f6s efter en brusten kroppspuls\u00e5der.<\/p>\n<p>\u2013 N\u00e4r sorgen inte hinner l\u00e4gga sig innan n\u00e4sta d\u00f6dsfall \u00e4r det som att h\u00e4lla bensin p\u00e5 ett \u00f6ppet s\u00e5r, s\u00e4ger Lasse.<\/p>\n<p>Senaste nyhetsklippen fr\u00e5n Expressen.<img   alt=\"\"\/> <\/p>\n<p>Foto: Privat \/ Privat.<\/p>\n<p>\u00d6ppna bild i helsk\u00e4rm<\/p>\n<p>Sn\u00e4ll, \u00f6ppen och gladlynt. S\u00e5 beskriver G\u00e4vlebon Lasse Wennman, 68, sin dotter Malin, 36. Men hon hade ocks\u00e5 under flera \u00e5r lidit av psykisk oh\u00e4lsa.<\/p>\n<p>\u2013 Hon hade flera goda v\u00e4nner och sn\u00e4lla m\u00e4nniskor omkring sig. Men n\u00e4r Malin var ensam m\u00e5dde hon inte bra, s\u00e4ger Lasse, som f\u00f6rst pratade med <a href=\"https:\/\/www.gd.se\/2025-12-06\/lasse-wennman-forlorade-tva-barn-pa-tva-manader\/\" rel=\"nofollow noopener\" target=\"_blank\">Gefle Dagblad<\/a>.<\/p>\n<p>I juli 2024 \u00e5kte Lasse och hans fru ner fr\u00e5n <a href=\"https:\/\/www.expressen.se\/tagg\/location\/gavle\/\" class=\"\" rel=\"nofollow noopener\" target=\"_blank\">G\u00e4vle<\/a> till J\u00f6nk\u00f6ping, d\u00e4r Malin bodde. De k\u00f6pte ny inredning och fixade till hennes l\u00e4genhet.<\/p>\n<p>\u2013 D\u00e5 var allting som vanligt och vi m\u00e4rkte inte att n\u00e5got var fel. Det k\u00e4ndes sk\u00f6nt att f\u00e5 hj\u00e4lpa henne.<\/p>\n<p>Men de m\u00f6rka tankarna hade f\u00e5tt \u00f6verhand och n\u00e5gra veckor senare valde hon att avsluta sitt liv.<\/p>\n<p>\u2013 Det var en stor sorg i familjen, vi var alla v\u00e4ldigt tagna.<\/p>\n<p>Artikeln i korthet<\/p>\n<p> Lasse Wennmans dotter Malin, 36, tog sitt liv efter l\u00e5ngvarig psykisk oh\u00e4lsa.<\/p>\n<p> Sonen Daniel, 29, dog tv\u00e5 m\u00e5nader senare av en brusten kroppspuls\u00e5der.<\/p>\n<p> Sorgen har varit tung f\u00f6r familjen.<\/p>\n<p> Lasse har f\u00e5tt st\u00f6d av arbetskamrater och sitt jobb p\u00e5 Migrationsverket.<\/p>\n<p> \u00c4ven tron har varit avg\u00f6rande f\u00f6r Lasses v\u00e4g tillbaka.<\/p>\n<p>Visa merDaniel hittades d\u00f6d av sin storebror<\/p>\n<p>Lasses yngste son Daniel, 29, k\u00e4nde stor saknad och bearbetade fortfarande sorgen efter sin syster.<\/p>\n<p>\u2013 De var olika. Malin var sprallig och social. Daniel var mer in\u00e5tbunden. Men de tyckte v\u00e4ldigt mycket om varandra.<\/p>\n<p>Tv\u00e5 m\u00e5nader efter systerns d\u00f6d brast Daniels kroppspuls\u00e5der n\u00e4r han l\u00e5g och sov. Hans storebror, som hade st\u00e4mt tr\u00e4ff med Daniel, hittade honom livl\u00f6s i l\u00e4genheten.<\/p>\n<p>\u2013 Vi var inte f\u00e4rdiga med processen efter Malin och s\u00e5 kom det h\u00e4r. N\u00e4r sorgen inte hinner l\u00e4gga sig innan n\u00e4sta d\u00f6dsfall \u00e4r det som att h\u00e4lla bensin p\u00e5 ett \u00f6ppet s\u00e5r, s\u00e4ger Lasse.<\/p>\n<p>\u2013 D\u00e4r och d\u00e5 handlade det bara om att \u00f6verleva.<\/p>\n<p>\u201dMina arbetskamrater har varit till stor hj\u00e4lp\u201d<\/p>\n<p>Ett drygt \u00e5r efter tragedierna b\u00f6rjar Lasse komma ikapp sorgearbetet. Den f\u00f6rsta tiden tog han ett stort ansvar inom familjen, och k\u00e4nslorna har f\u00e5tt pysa ut bit f\u00f6r bit.<\/p>\n<p>Arbetsplatsen har varit viktig. Som handl\u00e4ggare p\u00e5 Migrationsverket f\u00e5r han styrka av att hj\u00e4lpa andra som befinner sig i utsatta situationer.<\/p>\n<p>\u2013 Mina arbetskamrater har ocks\u00e5 varit till stor hj\u00e4lp. De \u00e4r m\u00e4nniskor med empati. Har jag haft en jobbig natt eller tankar som \u00e4r sv\u00e5ra att hantera, d\u00e5 kan jag alltid prata med dem.<\/p>\n<p>\u201dD\u00e5 hade min v\u00e4rld rasat fullst\u00e4ndigt\u201d<\/p>\n<p>Men den st\u00f6rsta tr\u00f6sten f\u00f6r Lasse har varit hans tro. V\u00e4gen till Gud hittade han efter en l\u00e5ng tids missbruk. I ton\u00e5ren kom han i kontakt med droger och den relationen varade i \u00f6ver 20 \u00e5r. Han g\u00f6mde problemen f\u00f6r familjen och f\u00f6ll allt djupare ner i missbruket.<\/p>\n<p>Till slut fick Lasse hj\u00e4lpen han beh\u00f6vde efter att ha f\u00f6ljt med sin fru till kyrkan f\u00f6r drygt 30 \u00e5r sedan. Det har varit ett fundament sedan dess.<\/p>\n<p>\u2013 Hade inte jag varit troende i dag hade jag aldrig klarat det h\u00e4r. D\u00e5 hade min v\u00e4rld rasat fullst\u00e4ndigt.<\/p>\n<p>M\u00c5R DU D\u00c5LIGT? H\u00c4R KAN DU F\u00c5 HJ\u00c4LP<\/p>\n<p>\u00c4r du n\u00e4rst\u00e5ende: Ta alltid sj\u00e4lvmordstankar eller planer p\u00e5 allvar. Bevara lugnet, men vidta \u00e5tg\u00e4rder.<\/p>\n<p>Prata och v\u00e5ga lyssna. Uttryck din oro och st\u00e4ll fr\u00e5gor. Ge konkreta exempel p\u00e5 varf\u00f6r du tror att det finns en sj\u00e4lvmordsrisk. Visa empati och d\u00f6m aldrig. Men vidh\u00e5ll att alla har ett eget ansvar f\u00f6r sina handlingar.<\/p>\n<p>En sj\u00e4lvmordsn\u00e4ra person beh\u00f6ver tr\u00e4ffa n\u00e5gon fr\u00e5n psykiatrin p\u00e5 en g\u00e5ng. Ring 112 eller \u00e5k till en akutmottagning. Om m\u00f6jligt \u2013 l\u00e4mna inte personen ensam.<\/p>\n<p>Sj\u00e4lvmord \u00e4r ofta impulshandlingar. Sj\u00e4lvmordsn\u00e4ra m\u00e4nniskor \u00e4r ofta ambivalenta in i det sista. Det g\u00e5r att p\u00e5verka dem. Betona att det g\u00e5r att f\u00e5 hj\u00e4lp och att saker och ting kommer att bli b\u00e4ttre.<\/p>\n<p>Ring alltid 112 om l\u00e4get \u00e4r akut.<\/p>\n<p><a href=\"https:\/\/www.bris.se\/for-vuxna\/start\/bris-vuxentelefon\/\" rel=\"nofollow noopener\" target=\"_blank\">BRIS vuxentelefon<\/a>: 077-150 50 50.<\/p>\n<p><a href=\"https:\/\/www.bris.se\/om-bris\/vart-arbete\/internationellt\/\" rel=\"nofollow noopener\" target=\"_blank\">BRIS<\/a> \u2013 Barnens hj\u00e4lptelefon Tel: 116 111.<\/p>\n<p>www.bris.se<\/p>\n<p><a href=\"https:\/\/mind.se\/hitta-hjalp\/sjalvmordslinjen\/\" rel=\"nofollow noopener\" target=\"_blank\">Sj\u00e4lvmordslinjen<\/a>: 90 101, chatt.mind.se.<\/p>\n<p><a href=\"https:\/\/www.svenskakyrkan.se\/jourhavandeprast\/ring\" rel=\"nofollow noopener\" target=\"_blank\">Jourhavande pr\u00e4st<\/a>: N\u00e5s via 112.<\/p>\n<p>F\u00f6r\u00e4ldratelefon: 020-85 20 00.<\/p>\n<p>Jourhavande kompis: 020-22 24 44.<\/p>\n<p><a href=\"https:\/\/spes.se\/\" rel=\"nofollow noopener\" target=\"_blank\">Spes<\/a> (Riksf\u00f6rbundet f\u00f6r suicidprevention och efterlevandes st\u00f6d): spes.nu.<\/p>\n<p>Telefonjouren: 020-18 18 00.<\/p>\n<p><a href=\"https:\/\/www.jourhavande-medmanniska.se\/\" rel=\"nofollow noopener\" target=\"_blank\">Jourhavande medm\u00e4nniska<\/a>: \u00a008 \u2013 702 16 80<\/p>\n<p>K\u00e4llor: <a href=\"https:\/\/mind.se\/\" rel=\"nofollow noopener\" target=\"_blank\">mind.se<\/a> och <a href=\"https:\/\/spesistockholm.se\/\" rel=\"nofollow noopener\" target=\"_blank\">www.spesistockholm.se<\/a><\/p>\n<p>Visa mer<img alt=\"\"\/>Ljudklippet gick inte att spela upp<\/p>\n<p>F\u00f6rs\u00f6k igen senare<\/p>\n","protected":false},"excerpt":{"rendered":"Publicerad 7 dec 2025 kl 14.53Uppdaterad kl 16.02 I augusti f\u00f6rra \u00e5ret f\u00f6rlorade Lasse Wennman dottern Malin, som&hellip;\n","protected":false},"author":2,"featured_media":99770,"comment_status":"","ping_status":"","sticky":false,"template":"","format":"standard","meta":{"footnotes":""},"categories":[5],"tags":[22,23,26,27,17,21,24,25,918,28,29,15,16,18,34,154,31,33,32,30,19,20],"class_list":{"0":"post-99769","1":"post","2":"type-post","3":"status-publish","4":"format-standard","5":"has-post-thumbnail","7":"category-rubriker","8":"tag-breaking-news","9":"tag-breakingnews","10":"tag-featured-news","11":"tag-featurednews","12":"tag-headlines","13":"tag-huvudnyheter","14":"tag-latest-news","15":"tag-latestnews","16":"tag-location-gavle","17":"tag-main-news","18":"tag-mainnews","19":"tag-news","20":"tag-nyheter","21":"tag-rubriker","22":"tag-se","23":"tag-sections-sverige","24":"tag-svenska","25":"tag-sverige","26":"tag-sweden","27":"tag-swedish","28":"tag-top-stories","29":"tag-topstories"},"share_on_mastodon":{"url":"https:\/\/pubeurope.com\/@se\/115682283612231999","error":""},"_links":{"self":[{"href":"https:\/\/www.europesays.com\/se\/wp-json\/wp\/v2\/posts\/99769","targetHints":{"allow":["GET"]}}],"collection":[{"href":"https:\/\/www.europesays.com\/se\/wp-json\/wp\/v2\/posts"}],"about":[{"href":"https:\/\/www.europesays.com\/se\/wp-json\/wp\/v2\/types\/post"}],"author":[{"embeddable":true,"href":"https:\/\/www.europesays.com\/se\/wp-json\/wp\/v2\/users\/2"}],"replies":[{"embeddable":true,"href":"https:\/\/www.europesays.com\/se\/wp-json\/wp\/v2\/comments?post=99769"}],"version-history":[{"count":0,"href":"https:\/\/www.europesays.com\/se\/wp-json\/wp\/v2\/posts\/99769\/revisions"}],"wp:featuredmedia":[{"embeddable":true,"href":"https:\/\/www.europesays.com\/se\/wp-json\/wp\/v2\/media\/99770"}],"wp:attachment":[{"href":"https:\/\/www.europesays.com\/se\/wp-json\/wp\/v2\/media?parent=99769"}],"wp:term":[{"taxonomy":"category","embeddable":true,"href":"https:\/\/www.europesays.com\/se\/wp-json\/wp\/v2\/categories?post=99769"},{"taxonomy":"post_tag","embeddable":true,"href":"https:\/\/www.europesays.com\/se\/wp-json\/wp\/v2\/tags?post=99769"}],"curies":[{"name":"wp","href":"https:\/\/api.w.org\/{rel}","templated":true}]}}