{"id":99782,"date":"2025-12-08T05:38:06","date_gmt":"2025-12-08T05:38:06","guid":{"rendered":"https:\/\/www.europesays.com\/se\/99782\/"},"modified":"2025-12-08T05:38:06","modified_gmt":"2025-12-08T05:38:06","slug":"uppgifter-apples-chipp-chef-johny-srouji-kan-vara-pa-vag-att-lamna-bolaget","status":"publish","type":"post","link":"https:\/\/www.europesays.com\/se\/99782\/","title":{"rendered":"Uppgifter: Apples chipp-chef Johny Srouji kan vara p\u00e5 v\u00e4g att l\u00e4mna bolaget"},"content":{"rendered":"<p>Enligt uppgifter till <a href=\"https:\/\/idg.digidip.net\/visit?url=https:\/\/www.bloomberg.com\/news\/articles\/2025-12-06\/apple-rocked-by-executive-departures-with-johny-srouji-at-risk-of-leaving-next&amp;currurl=https:\/\/www.macworld.se\/article\/3002979\/uppgifter-apples-chipp-chef-johny-srouji-kan-vara-pa-vag-att-lamna-bolaget.html&amp;ref=7-1-3002979-1-0-0-0-0\" target=\"_blank\" rel=\"nofollow noopener\" data-subtag=\"7-1-3002979-1-0-0-0-0\" data-domain-name=\"bloomberg\">Bloomberg<\/a> har Johny Srouji, ansvarig f\u00f6r h\u00e5rdvaruteknik och arkitekt bakom Apples egna chipp, informerat vd Tim Cook om att han \u00f6verv\u00e4ger att sluta inom en n\u00e4ra framtid.<\/p>\n<p>Srouji ska \u00e4ven ha uttryckt f\u00f6r kollegor att han i s\u00e5 fall vill g\u00e5 vidare till ett annat f\u00f6retag, men det \u00e4r inte k\u00e4nt vilket. Apple har avb\u00f6jt att kommentera uppgifterna.<\/p>\n<p>En eventuell avg\u00e5ng skulle p\u00e5verka ett av Apples mest centrala utvecklingsomr\u00e5den. Srouji har lett arbetet med Apple Silicon, som ligger till grund f\u00f6r Iphone-, Ipad- och Mac-chippen. Ett skifte i ledningen skulle kunna m\u00e4rkas \u00f6ver flera generationer av kommande produkter.<\/p>\n<p>Samtidigt finns det oklarheter. Uppgifterna kommer utan officiell bekr\u00e4ftelse, och det \u00e4r ovanligt att denna typ av interna \u00f6verv\u00e4ganden blir k\u00e4nda innan n\u00e5got beslut \u00e4r taget. Det finns ocks\u00e5 spekulationer kring Sroujis framtida planer, s\u00e4rskilt med tanke p\u00e5 att han \u00e4r 61 \u00e5r och d\u00e4rmed lika sannolikt skulle kunna stanna kvar fram till en framtida pensionering.<\/p>\n<p>Ryktena om Srouji kommer efter flera bekr\u00e4ftade besked om avhopp och pensionsplaner i Apples toppskikt.<\/p>\n<ul class=\"wp-block-list\">\n<li>1:a december meddelades att John Giannandrea, ansvarig f\u00f6r maskininl\u00e4rning och AI-strategi, g\u00e5r i pension under v\u00e5ren 2026 och ers\u00e4tts av Amar Subramanya.<\/li>\n<li>Kort d\u00e4refter stod det klart att designchefen Alan Dye g\u00e5r till Meta och ers\u00e4tts av Steve Lemay vid \u00e5rsskiftet.<\/li>\n<li>Den 4:e december rapporterades att b\u00e5de Lisa Jackson, ansvarig f\u00f6r milj\u00f6- och policyfr\u00e5gor, och chefsjuristen Kate Adams planerar att l\u00e4mna sina roller under 2026.<\/li>\n<\/ul>\n<p>Apple har runt 164 000 anst\u00e4llda globalt, och ledarskiften \u00e4r inte ovanliga i en organisation av den storleken. Men n\u00e4r flera h\u00f6gprofilerade personer l\u00e4mnar under en kort period v\u00e4cker det fr\u00e5gor om l\u00e5ngsiktig kontinuitet.<\/p>\n<p>Apple har i skrivande stund varken bekr\u00e4ftat eller dementerat uppgifterna om Srouji.<\/p>\n","protected":false},"excerpt":{"rendered":"Enligt uppgifter till Bloomberg har Johny Srouji, ansvarig f\u00f6r h\u00e5rdvaruteknik och arkitekt bakom Apples egna chipp, informerat vd&hellip;\n","protected":false},"author":2,"featured_media":99783,"comment_status":"","ping_status":"","sticky":false,"template":"","format":"standard","meta":{"footnotes":""},"categories":[66],"tags":[80,78,79,34,31,33,32,30,81,84,83,82],"class_list":{"0":"post-99782","1":"post","2":"type-post","3":"status-publish","4":"format-standard","5":"has-post-thumbnail","7":"category-vetenskap-och-teknik","8":"tag-science","9":"tag-science-and-technology","10":"tag-scienceandtechnology","11":"tag-se","12":"tag-svenska","13":"tag-sverige","14":"tag-sweden","15":"tag-swedish","16":"tag-technology","17":"tag-teknik","18":"tag-vetenskap","19":"tag-vetenskapteknik"},"share_on_mastodon":{"url":"https:\/\/pubeurope.com\/@se\/115682338717606907","error":""},"_links":{"self":[{"href":"https:\/\/www.europesays.com\/se\/wp-json\/wp\/v2\/posts\/99782","targetHints":{"allow":["GET"]}}],"collection":[{"href":"https:\/\/www.europesays.com\/se\/wp-json\/wp\/v2\/posts"}],"about":[{"href":"https:\/\/www.europesays.com\/se\/wp-json\/wp\/v2\/types\/post"}],"author":[{"embeddable":true,"href":"https:\/\/www.europesays.com\/se\/wp-json\/wp\/v2\/users\/2"}],"replies":[{"embeddable":true,"href":"https:\/\/www.europesays.com\/se\/wp-json\/wp\/v2\/comments?post=99782"}],"version-history":[{"count":0,"href":"https:\/\/www.europesays.com\/se\/wp-json\/wp\/v2\/posts\/99782\/revisions"}],"wp:featuredmedia":[{"embeddable":true,"href":"https:\/\/www.europesays.com\/se\/wp-json\/wp\/v2\/media\/99783"}],"wp:attachment":[{"href":"https:\/\/www.europesays.com\/se\/wp-json\/wp\/v2\/media?parent=99782"}],"wp:term":[{"taxonomy":"category","embeddable":true,"href":"https:\/\/www.europesays.com\/se\/wp-json\/wp\/v2\/categories?post=99782"},{"taxonomy":"post_tag","embeddable":true,"href":"https:\/\/www.europesays.com\/se\/wp-json\/wp\/v2\/tags?post=99782"}],"curies":[{"name":"wp","href":"https:\/\/api.w.org\/{rel}","templated":true}]}}