{"id":99796,"date":"2025-12-08T05:54:12","date_gmt":"2025-12-08T05:54:12","guid":{"rendered":"https:\/\/www.europesays.com\/se\/99796\/"},"modified":"2025-12-08T05:54:12","modified_gmt":"2025-12-08T05:54:12","slug":"oleksandra-matviychuk-kan-ge-sitt-fredspris-till-trump-varlden","status":"publish","type":"post","link":"https:\/\/www.europesays.com\/se\/99796\/","title":{"rendered":"Oleksandra Matviychuk kan ge sitt fredspris till Trump | V\u00e4rlden"},"content":{"rendered":"<p>Publicerad 8 dec 2025 kl 04.23<\/p>\n<p>F\u00f6r tre \u00e5r sedan tilldelades Oleksandra Matviychuk Nobels fredspris.\u00a0<\/p>\n<p>Nu har hon lagt m\u00e4rke till Trumps besatthet av att vinna samma.\u00a0<\/p>\n<p>\u2013 Jag \u00e4r redo att ge honom mitt, s\u00e4ger hon till <a href=\"https:\/\/legrandcontinent.eu\/fr\/2025\/12\/03\/matviitchouk-prix-nobel-trump\/\" rel=\"nofollow noopener\" target=\"_blank\">franska Le Grand Continent.<\/a><\/p>\n<p><img   alt=\"\"\/><\/p>\n<p>F\u00f6r tre \u00e5r sedan tilldelades Oleksandra Matviychuk Nobels fredspris.<\/p>\n<p>Foto: Markus Schreiber \/ TT NYHETSBYR\u00c5N<\/p>\n<p>\u00d6ppna bild i helsk\u00e4rm<img loading=\"lazy\"   alt=\"\"\/><\/p>\n<p>Donald Trump anser att han f\u00f6rtj\u00e4nar det \u00e4rofyllda priset.<\/p>\n<p>Foto: STEPHANIE SCARBROUGH \/ REUTERS BILDBYR\u00c5N<\/p>\n<p>\u00d6ppna bild i helsk\u00e4rm<\/p>\n<p>I fredags tilldelades den amerikanska presidenten <a href=\"https:\/\/www.expressen.se\/tagg\/person\/donald-trump\/\" class=\"\" rel=\"nofollow noopener\" target=\"_blank\">Donald Trump<\/a> Fifas fredspris.\u00a0<\/p>\n<p>Men \u00e4nnu har han inte f\u00e5tt Nobels.\u00a0<\/p>\n<p>Det \u00e4r n\u00e5got han inte hymlat om sin besvikelse kring \u2013 Vita huset har bland annat drivit en kampanj f\u00f6r att Trump skulle tilldelas priset 2025.\u00a0<\/p>\n<p>En som d\u00e4remot vet hur det \u00e4r att bel\u00f6nas med den prestigefulla utm\u00e4rkelsen \u00e4r Oleksandra Matviychuk.<\/p>\n<p>2022 mottog hon Nobels fredspris f\u00f6r Ukrainska centret f\u00f6r medborgerliga r\u00e4ttigheter (CCL).<\/p>\n<p>I en intervju med <a href=\"https:\/\/legrandcontinent.eu\/fr\/2025\/12\/03\/matviitchouk-prix-nobel-trump\/\" rel=\"nofollow noopener\" target=\"_blank\">Le Grand Continent<\/a> lovar hon nu att ge sitt pris till Trump om han lyckas l\u00f6sa fred i kriget i Ukraina.\u00a0<\/p>\n<p>\u2013 Jag \u00e4r redo att ge Trump mitt Nobels fredspris om han lyckas \u00e5stadkomma en r\u00e4ttvis och varaktig fred, s\u00e4ger ukrainskan.\u00a0<\/p>\n<p><img loading=\"lazy\"   alt=\"\"\/><\/p>\n<p>Donald Trump tilldelas Fifas fredspris av Gianni Infantino.<\/p>\n<p>Foto: IMAGO\/MARC SCHUELER \/ IMAGO\/SCH\u00dcLER WWW.IMAGO-IMAGES.DE<\/p>\n<p>\u00d6ppna bild i helsk\u00e4rmMatviychuk lovar att ge bort sitt fredspris<\/p>\n<p>Bakgrunden till uttalandet \u00e4r president Trumps f\u00f6rslag till fredsavtal som inledningsvis bestod av 28 punkter \u2013 bland annat att Ukraina skulle ge upp mer mark \u00e4n vad Ryssland har ockuperat och avs\u00e4ga sig framtida Nato-medlemskap.<\/p>\n<p>\u2013 Efter att ha inlett fredsf\u00f6rhandlingar befinner han sig i en situation d\u00e4r Ryssland har intensifierat sina bombningar av Kiev och andra st\u00e4der. Miljontals m\u00e4nniskor i Ukraina \u00e4r utan v\u00e4rme, el, vatten och ljus under vintern, s\u00e4ger hon.\u00a0<\/p>\n<p>Matviychuk \u00e4r ocks\u00e5 kritisk till att presidenten upprepade g\u00e5nger sagt att det inte \u00e4r hans krig, utan Bidens.\u00a0<\/p>\n<p>\u2013 Jag har d\u00e5liga nyheter f\u00f6r Trump: kriget \u00e4r nu ocks\u00e5 hans.<\/p>\n","protected":false},"excerpt":{"rendered":"Publicerad 8 dec 2025 kl 04.23 F\u00f6r tre \u00e5r sedan tilldelades Oleksandra Matviychuk Nobels fredspris.\u00a0 Nu har hon&hellip;\n","protected":false},"author":2,"featured_media":99797,"comment_status":"","ping_status":"","sticky":false,"template":"","format":"standard","meta":{"footnotes":""},"categories":[68],"tags":[1022,198,34,55,111,110,31,33,32,30],"class_list":{"0":"post-99796","1":"post","2":"type-post","3":"status-publish","4":"format-standard","5":"has-post-thumbnail","7":"category-sport","8":"tag-organization-nobelpriset","9":"tag-person-donald-trump","10":"tag-se","11":"tag-sections-varlden","12":"tag-sport","13":"tag-sports","14":"tag-svenska","15":"tag-sverige","16":"tag-sweden","17":"tag-swedish"},"share_on_mastodon":{"url":"https:\/\/pubeurope.com\/@se\/115682401617327581","error":""},"_links":{"self":[{"href":"https:\/\/www.europesays.com\/se\/wp-json\/wp\/v2\/posts\/99796","targetHints":{"allow":["GET"]}}],"collection":[{"href":"https:\/\/www.europesays.com\/se\/wp-json\/wp\/v2\/posts"}],"about":[{"href":"https:\/\/www.europesays.com\/se\/wp-json\/wp\/v2\/types\/post"}],"author":[{"embeddable":true,"href":"https:\/\/www.europesays.com\/se\/wp-json\/wp\/v2\/users\/2"}],"replies":[{"embeddable":true,"href":"https:\/\/www.europesays.com\/se\/wp-json\/wp\/v2\/comments?post=99796"}],"version-history":[{"count":0,"href":"https:\/\/www.europesays.com\/se\/wp-json\/wp\/v2\/posts\/99796\/revisions"}],"wp:featuredmedia":[{"embeddable":true,"href":"https:\/\/www.europesays.com\/se\/wp-json\/wp\/v2\/media\/99797"}],"wp:attachment":[{"href":"https:\/\/www.europesays.com\/se\/wp-json\/wp\/v2\/media?parent=99796"}],"wp:term":[{"taxonomy":"category","embeddable":true,"href":"https:\/\/www.europesays.com\/se\/wp-json\/wp\/v2\/categories?post=99796"},{"taxonomy":"post_tag","embeddable":true,"href":"https:\/\/www.europesays.com\/se\/wp-json\/wp\/v2\/tags?post=99796"}],"curies":[{"name":"wp","href":"https:\/\/api.w.org\/{rel}","templated":true}]}}