{"id":99915,"date":"2025-12-08T08:24:12","date_gmt":"2025-12-08T08:24:12","guid":{"rendered":"https:\/\/www.europesays.com\/se\/99915\/"},"modified":"2025-12-08T08:24:12","modified_gmt":"2025-12-08T08:24:12","slug":"sociala-medier-kopplas-till-samre-koncentration-hos-barn","status":"publish","type":"post","link":"https:\/\/www.europesays.com\/se\/99915\/","title":{"rendered":"Sociala medier kopplas till s\u00e4mre koncentration hos barn"},"content":{"rendered":"<p>Barn som \u00e4gnar mycket tid \u00e5t sociala medier f\u00e5r gradvis n\u00e5got s\u00e4mre koncentrationsf\u00f6rm\u00e5ga. Det visar en omfattande studie d\u00e4r forskare har f\u00f6ljt \u00f6ver 8\u202f000 barn fr\u00e5n cirka 10 till 14 \u00e5rs \u00e5lder.<\/p>\n<p>Sk\u00e4rmanv\u00e4ndning och digitala medier har \u00f6kat kraftigt de senaste 15 \u00e5ren, samtidigt som antalet adhd-diagnoser \u00f6kat i Sverige och flera andra l\u00e4nder. Nu har forskare vid Karolinska institutet och Oregon Health &amp; Science University i USA unders\u00f6kt om det finns ett <a class=\"glossaryLink\" aria-describedby=\"tt\" data-cmtooltip=\"&lt;div class=glossaryItemBody&gt; Tv\u00e5 saker verkar h\u00e4nga ihop \u2013 n\u00e4r den ena \u00e4ndras, \u00e4ndras ofta den andra ocks\u00e5. Men det betyder inte att den ena orsakar den  ...&lt;\/div&gt;&lt;div class=glossaryTooltipMoreLinkWrapper&gt;&lt;a class=glossaryTooltipMoreLink href=https:\/\/forskning.se\/ordlista\/korrelation\/ &gt;L\u00e4s mer&lt;\/a&gt;&lt;\/div&gt;\" href=\"https:\/\/forskning.se\/ordlista\/korrelation\/\" data-mobile-support=\"0\" data-gt-translate-attributes=\"[{\" attribute=\"\" tabindex=\"0\" role=\"link\" rel=\"nofollow noopener\" target=\"_blank\">samband<\/a> mellan olika sk\u00e4rmvanor och adhd-relaterade symtom.<\/p>\n<p>Forskarna unders\u00f6kte 8\u202f324 barn i USA i \u00e5ldern 9\u201310 \u00e5r. Barnen f\u00f6ljdes under 4 \u00e5r och rapporterade hur mycket tid de \u00e4gnade \u00e5t sociala medier, tv\/video-tittande respektive datorspel, och f\u00f6r\u00e4ldrarna bed\u00f6mde barnens uppm\u00e4rksamhet och hyperaktivitet\/impulsivitet.<\/p>\n<p>Sociala medier sticker ut<\/p>\n<p>Resultaten visar att sociala medier sticker ut. Barn som \u00e4gnade mycket tid \u00e5t sociala medier, som Instagram, Snapchat, TikTok, Facebook, Twitter eller Messenger, fick en gradvis f\u00f6rs\u00e4mring av koncentrationsf\u00f6rm\u00e5gan \u00f6ver tid.<\/p>\n<p>D\u00e4remot s\u00e5gs inget liknande samband f\u00f6r tv-tittande eller datorspel.<\/p>\n<p>\u2013 V\u00e5r studie tyder p\u00e5 att det \u00e4r just sociala medier som p\u00e5verkar barns koncentration. Sociala medier inneb\u00e4r ofta snabba v\u00e4xlingar mellan inneh\u00e5ll och st\u00e4ndiga distraktioner i form av meddelanden och notiser. Det p\u00e5verkar f\u00f6rm\u00e5gan att h\u00e5lla fokus och skulle kunna f\u00f6rklara sambandet, s\u00e4ger Torkel Klingberg, <a class=\"glossaryLink\" aria-describedby=\"tt\" data-cmtooltip=\"&lt;div class=glossaryItemBody&gt; Professor \u00e4r den h\u00f6gsta titeln p\u00e5 universitet eller h\u00f6gskola. Professorn forskar, undervisar och handleder doktorander.&lt;br\/&gt;I  ...&lt;\/div&gt;&lt;div class=glossaryTooltipMoreLinkWrapper&gt;&lt;a class=glossaryTooltipMoreLink href=https:\/\/forskning.se\/ordlista\/professor\/ &gt;L\u00e4s mer&lt;\/a&gt;&lt;\/div&gt;\" href=\"https:\/\/forskning.se\/ordlista\/professor\/\" data-mobile-support=\"0\" data-gt-translate-attributes=\"[{\" attribute=\"\" tabindex=\"0\" role=\"link\" rel=\"nofollow noopener\" target=\"_blank\">professor<\/a> i kognitiv neurovetenskap vid institutionen f\u00f6r neurovetenskap p\u00e5 Karolinska institutet, i ett pressmeddelande.<\/p>\n<p>Betydelse p\u00e5 befolkningsniv\u00e5<\/p>\n<p>Sambandet p\u00e5verkades inte av barnens socioekonomiska bakgrund eller genetiska risk f\u00f6r adhd. Barn som redan tidigare hade koncentrationssv\u00e5righeter b\u00f6rjade inte anv\u00e4nda sociala medier mer, vilket talar f\u00f6r att sambandet g\u00e5r fr\u00e5n anv\u00e4ndning till symtom \u2013 inte tv\u00e4rtom.<\/p>\n<p>Forskarna s\u00e5g ingen \u00f6kning av hyperaktivitet\/impulsivitet och effekten p\u00e5 koncentrationen var liten och har antagligen mycket sm\u00e5 konsekvenser f\u00f6r den enskilde individen. Men det kan ha en betydelse p\u00e5 befolkningsniv\u00e5.<\/p>\n<p>\u2013 H\u00f6gre konsumtion av sociala medier skulle eventuellt kunna f\u00f6rklara en del av \u00f6kningen av adhd-diagnoser, \u00e4ven om adhd ofta \u00e4r f\u00f6rknippat med hyperaktivitet som inte \u00f6kade i v\u00e5r studie, s\u00e4ger Torkel Klingberg.<\/p>\n<p>Anledning att diskutera \u00e5ldersgr\u00e4nser<\/p>\n<p>Forskarna betonar att resultaten inte inneb\u00e4r att alla barn som anv\u00e4nder sociala medier f\u00e5r koncentrationssv\u00e5righeter. Men de anser att det finns anledning att diskutera \u00e5ldersgr\u00e4nser och hur plattformar utformas.<\/p>\n<p>I studien \u00f6kade den genomsnittliga tiden p\u00e5 sociala medier fr\u00e5n cirka 30 minuter per dag vid 9 \u00e5rs \u00e5lder till 2,5 timmar vid 13 \u00e5rs \u00e5lder, trots att m\u00e5nga plattformar har en \u00e5ldersgr\u00e4ns p\u00e5 13 \u00e5r.<\/p>\n<p>\u2013 Vi hoppas att den \u00f6kade kunskapen ska hj\u00e4lpa f\u00f6r\u00e4ldrar och beslutsfattare att fatta v\u00e4lgrundade beslut om h\u00e4lsosamma digitala vanor som st\u00f6djer barns kognitiva utveckling, s\u00e4ger Samson Nivins, postdoktor vid institutionen f\u00f6r kvinnors och barns h\u00e4lsa p\u00e5 Karolinska institutet.<\/p>\n<p>Nu planerar forskarna att f\u00f6lja barnen \u00e4ven efter 14 \u00e5rs \u00e5lder f\u00f6r att se om sambandet kvarst\u00e5r.<\/p>\n<p>Vetenskaplig artikel:<\/p>\n<p><a href=\"https:\/\/doi.org\/10.1542\/pedsos.2025-000922\" rel=\"nofollow noopener\" target=\"_blank\">Digital media, Genetics and Risk for ADHD Symptoms in Children \u2013 a Longitudinal Study<\/a>, Pediatrics Open Science.<\/p>\n","protected":false},"excerpt":{"rendered":"Barn som \u00e4gnar mycket tid \u00e5t sociala medier f\u00e5r gradvis n\u00e5got s\u00e4mre koncentrationsf\u00f6rm\u00e5ga. Det visar en omfattande studie&hellip;\n","protected":false},"author":2,"featured_media":99916,"comment_status":"","ping_status":"","sticky":false,"template":"","format":"standard","meta":{"footnotes":""},"categories":[5],"tags":[22,23,26,27,17,21,24,25,28,29,15,505,16,18,34,31,33,32,30,19,20],"class_list":{"0":"post-99915","1":"post","2":"type-post","3":"status-publish","4":"format-standard","5":"has-post-thumbnail","7":"category-rubriker","8":"tag-breaking-news","9":"tag-breakingnews","10":"tag-featured-news","11":"tag-featurednews","12":"tag-headlines","13":"tag-huvudnyheter","14":"tag-latest-news","15":"tag-latestnews","16":"tag-main-news","17":"tag-mainnews","18":"tag-news","19":"tag-nyhet","20":"tag-nyheter","21":"tag-rubriker","22":"tag-se","23":"tag-svenska","24":"tag-sverige","25":"tag-sweden","26":"tag-swedish","27":"tag-top-stories","28":"tag-topstories"},"share_on_mastodon":{"url":"https:\/\/pubeurope.com\/@se\/115682991280618264","error":""},"_links":{"self":[{"href":"https:\/\/www.europesays.com\/se\/wp-json\/wp\/v2\/posts\/99915","targetHints":{"allow":["GET"]}}],"collection":[{"href":"https:\/\/www.europesays.com\/se\/wp-json\/wp\/v2\/posts"}],"about":[{"href":"https:\/\/www.europesays.com\/se\/wp-json\/wp\/v2\/types\/post"}],"author":[{"embeddable":true,"href":"https:\/\/www.europesays.com\/se\/wp-json\/wp\/v2\/users\/2"}],"replies":[{"embeddable":true,"href":"https:\/\/www.europesays.com\/se\/wp-json\/wp\/v2\/comments?post=99915"}],"version-history":[{"count":0,"href":"https:\/\/www.europesays.com\/se\/wp-json\/wp\/v2\/posts\/99915\/revisions"}],"wp:featuredmedia":[{"embeddable":true,"href":"https:\/\/www.europesays.com\/se\/wp-json\/wp\/v2\/media\/99916"}],"wp:attachment":[{"href":"https:\/\/www.europesays.com\/se\/wp-json\/wp\/v2\/media?parent=99915"}],"wp:term":[{"taxonomy":"category","embeddable":true,"href":"https:\/\/www.europesays.com\/se\/wp-json\/wp\/v2\/categories?post=99915"},{"taxonomy":"post_tag","embeddable":true,"href":"https:\/\/www.europesays.com\/se\/wp-json\/wp\/v2\/tags?post=99915"}],"curies":[{"name":"wp","href":"https:\/\/api.w.org\/{rel}","templated":true}]}}