{"id":99921,"date":"2025-12-08T08:33:10","date_gmt":"2025-12-08T08:33:10","guid":{"rendered":"https:\/\/www.europesays.com\/se\/99921\/"},"modified":"2025-12-08T08:33:10","modified_gmt":"2025-12-08T08:33:10","slug":"region-kalmar-lan-kraver-kompensation-for-sankt-ersattning","status":"publish","type":"post","link":"https:\/\/www.europesays.com\/se\/99921\/","title":{"rendered":"Region Kalmar l\u00e4n kr\u00e4ver kompensation f\u00f6r s\u00e4nkt ers\u00e4ttning"},"content":{"rendered":"<p>S\u00e5 sent som i oktober fick Region Kalmar l\u00e4n ett prelimin\u00e4rt besked fr\u00e5n Trafikverket att det statliga st\u00f6det f\u00f6r St\u00e5ng\u00e5dalsbanan inf\u00f6r n\u00e4sta \u00e5r s\u00e4nks med \u00e5tta miljoner kronor. Nu vill Trafikverket teckna ett nytt samverkansavtal f\u00f6r 2026 med 43 procents l\u00e4gre ers\u00e4ttning.<\/p>\n<p>D\u00e4rf\u00f6r har Region Kalmar l\u00e4n och T\u00e5g i Bergslagen AB skickat ett gemensamt krav till Trafikverkets generaldirekt\u00f6r d\u00e4r parterna anser att det kraftiga ers\u00e4ttningsbortfallet f\u00f6r 2026 m\u00e5ste kompenseras i de kommande samverkansavtalen 2027 och 2028.<\/p>\n<p>I skrivelsen trycks det p\u00e5 det upprepade problemet med extremt sena besked, trots tidigare l\u00f6ften fr\u00e5n Trafikverket om f\u00f6rb\u00e4ttrade processer.<\/p>\n<p>\u2013 Det s\u00e4tter oss som trafikhuvudm\u00e4n i en oacceptabel situation. Med mindre \u00e4n tv\u00e5 m\u00e5naders framf\u00f6rh\u00e5llning \u00e4r det om\u00f6jligt att justera trafikvolym, fordon, personalresurser eller befintliga avtals\u00e5taganden, s\u00e4ger Peter Wretlund (S), ordf\u00f6rande i kollektivtrafikn\u00e4mnden i Region Kalmar l\u00e4n.<\/p>\n<p>\u2013 De os\u00e4kra finansieringsvillkoren g\u00f6r att vi inte kan f\u00f6lja Trafikverkets egna processer och krav. Stabil finansiering och f\u00f6ruts\u00e4gbar kompensation \u00e4r en f\u00f6ruts\u00e4ttning f\u00f6r att kunna best\u00e4lla trafik, s\u00e4ger Carl-Wiktor Svensson (KD), vice ordf\u00f6rande i kollektivtrafikn\u00e4mnden i Region Kalmar l\u00e4n.<\/p>\n<p>Region Kalmar l\u00e4n menar att om det saknas utrymme f\u00f6r kompensation inom befintliga anslag de kommande \u00e5ren, har Trafikverket en skyldighet att omprioritera f\u00f6r att t\u00e4cka de merkostnader som uppst\u00e5tt p\u00e5 grund av den bristande framf\u00f6rh\u00e5llningen.<\/p>\n","protected":false},"excerpt":{"rendered":"S\u00e5 sent som i oktober fick Region Kalmar l\u00e4n ett prelimin\u00e4rt besked fr\u00e5n Trafikverket att det statliga st\u00f6det&hellip;\n","protected":false},"author":2,"featured_media":99922,"comment_status":"","ping_status":"","sticky":false,"template":"","format":"standard","meta":{"footnotes":""},"categories":[12],"tags":[22,23,26,27,17,21,24,25,28,29,15,16,18,34,31,33,32,30,19,20],"class_list":{"0":"post-99921","1":"post","2":"type-post","3":"status-publish","4":"format-standard","5":"has-post-thumbnail","7":"category-sverige","8":"tag-breaking-news","9":"tag-breakingnews","10":"tag-featured-news","11":"tag-featurednews","12":"tag-headlines","13":"tag-huvudnyheter","14":"tag-latest-news","15":"tag-latestnews","16":"tag-main-news","17":"tag-mainnews","18":"tag-news","19":"tag-nyheter","20":"tag-rubriker","21":"tag-se","22":"tag-svenska","23":"tag-sverige","24":"tag-sweden","25":"tag-swedish","26":"tag-top-stories","27":"tag-topstories"},"share_on_mastodon":{"url":"https:\/\/pubeurope.com\/@se\/115683026836234013","error":""},"_links":{"self":[{"href":"https:\/\/www.europesays.com\/se\/wp-json\/wp\/v2\/posts\/99921","targetHints":{"allow":["GET"]}}],"collection":[{"href":"https:\/\/www.europesays.com\/se\/wp-json\/wp\/v2\/posts"}],"about":[{"href":"https:\/\/www.europesays.com\/se\/wp-json\/wp\/v2\/types\/post"}],"author":[{"embeddable":true,"href":"https:\/\/www.europesays.com\/se\/wp-json\/wp\/v2\/users\/2"}],"replies":[{"embeddable":true,"href":"https:\/\/www.europesays.com\/se\/wp-json\/wp\/v2\/comments?post=99921"}],"version-history":[{"count":0,"href":"https:\/\/www.europesays.com\/se\/wp-json\/wp\/v2\/posts\/99921\/revisions"}],"wp:featuredmedia":[{"embeddable":true,"href":"https:\/\/www.europesays.com\/se\/wp-json\/wp\/v2\/media\/99922"}],"wp:attachment":[{"href":"https:\/\/www.europesays.com\/se\/wp-json\/wp\/v2\/media?parent=99921"}],"wp:term":[{"taxonomy":"category","embeddable":true,"href":"https:\/\/www.europesays.com\/se\/wp-json\/wp\/v2\/categories?post=99921"},{"taxonomy":"post_tag","embeddable":true,"href":"https:\/\/www.europesays.com\/se\/wp-json\/wp\/v2\/tags?post=99921"}],"curies":[{"name":"wp","href":"https:\/\/api.w.org\/{rel}","templated":true}]}}