{"id":99931,"date":"2025-12-08T08:42:10","date_gmt":"2025-12-08T08:42:10","guid":{"rendered":"https:\/\/www.europesays.com\/se\/99931\/"},"modified":"2025-12-08T08:42:10","modified_gmt":"2025-12-08T08:42:10","slug":"byggnadstopp-anklagas-for-att-ha-anlitat-nara-van","status":"publish","type":"post","link":"https:\/\/www.europesays.com\/se\/99931\/","title":{"rendered":"Byggnadstopp anklagas f\u00f6r att ha anlitat n\u00e4ra v\u00e4n"},"content":{"rendered":"<p><a data-test-tag=\"internal-link\" href=\"https:\/\/www.aftonbladet.se\/av\/victor-stenquist\" class=\"hyperion-css-13ns1rr\" rel=\"nofollow noopener\" target=\"\" aria-label=\"Se alla artiklar av Victor Stenquist\"><img decoding=\"async\" class=\"image-asset hyperion-css-n6kkq1\" data-test-tag=\"image-asset\" src=\"https:\/\/www.europesays.com\/se\/wp-content\/uploads\/2025\/12\/d1112d47-d051-4d80-94bb-b8d7dbeb8f19\"  alt=\"\"  loading=\"lazy\" fetchpriority=\"auto\" style=\"aspect-ratio:1900 \/ 1900\"\/><\/a>share-arrowDela<\/p>\n<p>unsaveSpara<\/p>\n<p>expand-left<\/p>\n<p>helsk\u00e4rm<img decoding=\"async\" class=\"image-asset hyperion-css-u06ts1\" data-test-tag=\"image-asset\" src=\"https:\/\/www.europesays.com\/se\/wp-content\/uploads\/2025\/12\/fff95c00-c76f-4909-b76d-7031c13e79a1\"  alt=\"Jakob Wagner\"  loading=\"eager\" fetchpriority=\"high\" style=\"aspect-ratio:1800 \/ 1012\"\/>Jakob Wagner Foto: Byggnads<\/p>\n<p class=\"hyperion-css-1shl3oz\" data-test-tag=\"lead-text\">Fackf\u00f6rbundet Byggnads f\u00f6rbundssekreterare Jakob Wagner \u00e4r i bl\u00e5sv\u00e4der. <\/p>\n<p class=\"hyperion-css-1shl3oz\" data-test-tag=\"lead-text\">Han anklagas f\u00f6r att ha anlitat en v\u00e4n \u2013 en avst\u00e4ngd utbildningskonsult \u2013\u00a0och sedan sj\u00e4lv attesterat fakturor f\u00f6r \u00f6ver 400\u00a0000 kronor. <\/p>\n<p class=\"hyperion-css-1shl3oz\" data-test-tag=\"lead-text\">\u2013\u00a0Det \u00e4r fullkomligt kaos i f\u00f6rbundsstyrelsen, s\u00e4ger en av flera k\u00e4llor inom Byggnads som Aftonbladet talat med.<\/p>\n<ul class=\"hyperion-css-e9gx76\" data-test-tag=\"list\">\n<li class=\"hyperion-css-1d843yr\">Jakob Wagner, f\u00f6rbundssekreterare i Byggnads, anklagas f\u00f6r att ha anlitat en v\u00e4n och attesterat egna fakturor f\u00f6r \u00f6ver 400 000 kronor, trots tidigare tveksamma meriter hos konsulten.<\/li>\n<li class=\"hyperion-css-1d843yr\">Anklagelserna har lett till en intern konflikt inom Byggnads och ett extra f\u00f6rbundsfullm\u00e4ktige har kallats till den 8 december f\u00f6r att pr\u00f6va Wagners f\u00f6rtroende.<\/li>\n<li class=\"hyperion-css-1d843yr\">Byggnads revisorer rekommenderar att f\u00f6rbundet ses \u00f6ver rutiner f\u00f6r anlitande av externa tj\u00e4nster, efter att os\u00e4kerhet uppst\u00e5tt kring dokumentationen av beslut inom styrelsen.<\/li>\n<\/ul>\n<p>L\u00e4s mer<\/p>\n<p class=\"hyperion-css-1v9qo5x\">H\u00e4rvan i <a data-test-tag=\"internal-link\" href=\"https:\/\/www.aftonbladet.se\/tagg\/byggnads\" class=\"hyperion-css-15jkft9\" rel=\"nofollow noopener\" target=\"\" aria-label=\"Byggnads\">Byggnads<\/a> har en bakgrund m\u00e5nga \u00e5r tillbaka i tiden. <\/p>\n<p class=\"hyperion-css-1v9qo5x\">Nu har den kulminerat i en intern strid \u2013\u00a0och fackf\u00f6rbundet har kallat till ett extra f\u00f6rbundsfullm\u00e4ktige, som ska genomf\u00f6ras 8 december. <\/p>\n<p class=\"hyperion-css-1v9qo5x\">D\u00e4r ska f\u00f6rtroendet f\u00f6r f\u00f6rbundssekreteraren Jakob Wagner pr\u00f6vas. <\/p>\n<p class=\"hyperion-css-1v9qo5x\">Bakgrunden r\u00f6r anlitandet av en extern utbildningskonsult som arbetat med att ta fram material och h\u00e5lla i fackliga utbildningar. Han har upprepande g\u00e5nger betett sig ol\u00e4mpligt mot utbildningsdeltagare, s\u00e4ger ett stort antal uppgiftsl\u00e4mnare till Aftonbladet.  <\/p>\n<p>Falangstrid i f\u00f6rbundet<\/p>\n<p class=\"hyperion-css-1v9qo5x\">Byggnads tillsatte en extern utredning om ett tillf\u00e4lle d\u00e4r en kvinnlig kursdeltagare k\u00e4nde sig utsatt, skriver man i ett pressmeddelande: <\/p>\n<p class=\"hyperion-css-1v9qo5x\">\u201dUtredningen slog fast att konsulten agerat ol\u00e4mpligt. Trots detta har konsulten anlitats igen. Best\u00e4llare har varit f\u00f6rbundssekreterare Jakob Wagner.\u00a0F\u00f6rbundets revisorer har granskat det intr\u00e4ffade och rekommenderar f\u00f6rbundet att se \u00f6ver rutinerna g\u00e4llande anlitande av externa tj\u00e4nster\u201d, skriver <a aria-label=\"Byggnads sj\u00e4lva\" class=\"default hyperion-css-15jkft9\" href=\"https:\/\/www.byggnads.se\/aktuellt\/2025\/november\/byggnads-kallar-till-forbundsfullmaktige\/\" rel=\"noopener nofollow noreferrer\" data-test-tag=\"external-link\" target=\"_blank\">Byggnads sj\u00e4lva<\/a>. <\/p>\n<p class=\"hyperion-css-1v9qo5x\">\u2013\u00a0Konsulten har betett sig ol\u00e4mpligt mot kvinnor i v\u00e5r organisation p\u00e5 utbildningar, och det har slagits larm flera g\u00e5nger, s\u00e4ger en k\u00e4lla i Byggnads toppskikt. <\/p>\n<p class=\"hyperion-css-1v9qo5x\">Aftonbladets uppgiftsl\u00e4mnare s\u00e4ger att konsulten upptr\u00e4tt berusat under kv\u00e4llar efter utbildningar, n\u00e5got som strider mot f\u00f6rbundets alkoholpolicy. Han ska ocks\u00e5 vid ett flertal tillf\u00e4llen gjort ov\u00e4lkomna n\u00e4rmanden till kvinnliga kursdeltagare. <\/p>\n<p class=\"hyperion-css-1v9qo5x\">Enligt Aftonbladets uppgifter r\u00e5der stor oenighet i Byggnads f\u00f6rbundsstyrelse, d\u00e4r tv\u00e5 falanger har djupt olika syn p\u00e5 konsultens l\u00e4mplighet att forts\u00e4tta utbilda medlemmar. <\/p>\n<p class=\"hyperion-css-1v9qo5x\">Vad som \u00e4r klarlagt \u00e4r att f\u00f6rbundssekreterare Jakob Wagner under 2024 och 2025 sj\u00e4lv attesterat ett antal fakturor f\u00f6r arbete som konsulten utf\u00f6rt, d\u00e4ribland en omfattande \u201davtankning\u201d\u00a0d\u00e4r han l\u00e4mnat \u00f6ver och utbildat f\u00f6rbundets nya studieansvarige. <\/p>\n<p class=\"hyperion-css-1v9qo5x\">Det arbetet skedde under h\u00f6sten 2024, men det var n\u00e4r konsulten i somras \u00e5terigen h\u00f6ll en utbildning f\u00f6r medlemmar som m\u00e5nga i Byggnads reagerade. <\/p>\n<p class=\"hyperion-css-1v9qo5x\">\u2013\u00a0Det f\u00f6rsta beslutet att han inte skulle anv\u00e4ndas fattades redan 2022 p\u00e5 M\u00e5larf\u00f6rbundet, sedan anlitas han igen f\u00f6r den h\u00e4r \u00f6verl\u00e4mningen och d\u00e5 h\u00e4vdas det att man inte k\u00e4nner till att ett s\u00e5dant beslut \u00e4r fattat. Sedan n\u00e4r han dyker upp igen i somras s\u00e5 blir det \u00e5terigen ett j\u00e4vla liv, s\u00e4ger en av en handfull k\u00e4llor med god insyn i \u00e4rendet som Aftonbladet pratat med. <\/p>\n<p>expand-left<\/p>\n<p>helsk\u00e4rm<img decoding=\"async\" class=\"image-asset hyperion-css-u06ts1\" data-test-tag=\"image-asset\" src=\"https:\/\/www.europesays.com\/se\/wp-content\/uploads\/2025\/12\/f8edb6d5-8837-43dd-a96e-d35a22ad2652\"  alt=\"Byggnads f\u00f6rbundskontor i Stockholm.\"  loading=\"eager\" fetchpriority=\"high\" style=\"aspect-ratio:1900 \/ 1267\"\/>Byggnads f\u00f6rbundskontor i Stockholm. Foto: Henrik Montgomery\/TT\u201dSmutskastningskampanj\u201d<\/p>\n<p class=\"hyperion-css-1v9qo5x\">Flera av k\u00e4llorna uppger att besluten att inte ha ett f\u00f6rl\u00e4ngt samarbete med konsulten inte skrivits ner, utan avhandlats muntligt p\u00e5 f\u00f6rbundsstyrelsem\u00f6ten, vilket g\u00f6r att ord st\u00e5r mot ord. <\/p>\n<p class=\"hyperion-css-1v9qo5x\">Aftonbladet har s\u00f6kt Jakob Wagner och f\u00f6rbundsordf\u00f6rande Kim S\u00f6derstr\u00f6m f\u00f6r en kommentar, men ingen av dem har \u00e5terkommit. <\/p>\n<p class=\"hyperion-css-1v9qo5x\">Wagner har d\u00e4remot skickat ut ett l\u00e5ngt mejl till stora delar av Byggnads fullm\u00e4ktigeledam\u00f6ter och personer ur regionstyrelser d\u00e4r han p\u00e5st\u00e5r att kritiken mot honom \u00e4r \u201den del av en smutskastningskampanj\u201d. <\/p>\n<p class=\"hyperion-css-1v9qo5x\">Han kritiserar att f\u00f6rbundsstyrelsen bara fick ta del av revisorernas rapport under ett m\u00f6te, och sedan beh\u00f6vde l\u00e4mna tillbaka alla kopior. <\/p>\n<p class=\"hyperion-css-1v9qo5x\">\u201dI revisorernas rapport f\u00f6rekommer vad jag menar \u00e4r faktafel och den \u00e4r slarvigt utf\u00f6rd. Rapporten kommer inte fram till att jag beg\u00e5tt n\u00e5gra konkreta fel utan kritiserar regler och f\u00f6rfaranden r\u00f6rande attester och beslut i f\u00f6rbundet som helhet. Jag hoppas att medlemmarna st\u00e4ller krav p\u00e5 att f\u00e5 se rapporten, d\u00e5 motiveringen att den h\u00e5lls hemlig f\u00f6r att den skulle skada f\u00f6rbundet inte st\u00e4mmer\u201d, skriver Wagner i sitt mejl. <\/p>\n<p class=\"hyperion-css-1v9qo5x\">Enligt facktidningen Byggnadsarbetaren r\u00f6stade sju av tio regionordf\u00f6randen f\u00f6r ett misstro mot f\u00f6rbundssekreteraren, samtidigt som fyra andra styrelsemedlemmar ocks\u00e5 ska ha r\u00f6stat f\u00f6r. <\/p>\n<p class=\"hyperion-css-1v9qo5x\">Roger Johansson \u00e4r kanslichef p\u00e5 Byggnads f\u00f6rbundskontor och uppger att f\u00f6rbundet nu g\u00f6r en \u00f6versyn av rutiner och riktlinjer f\u00f6r att se om de \u00e4r tillr\u00e4ckligt tydliga. <\/p>\n<p class=\"hyperion-css-1v9qo5x\">\u2013\u00a0Revisorerna riktar kritik mot rutinerna kring anlitandet av externa tj\u00e4nster. Man undrar om det g\u00e5tt till p\u00e5 r\u00e4tt s\u00e4tt och enligt g\u00e4llande rutiner.\u00a0Det ska finnas skriftliga offerter och tydlig uppdragsredovisning och man har pekat p\u00e5 brister och tillkortakommanden d\u00e4r, s\u00e4ger han. <\/p>\n<p class=\"hyperion-css-1v9qo5x\"><strong>Fotnot<\/strong>: Byggnads extra fullm\u00e4ktige inleds m\u00e5ndag 8 december 11.30. <\/p>\n","protected":false},"excerpt":{"rendered":"share-arrowDela unsaveSpara expand-left helsk\u00e4rmJakob Wagner Foto: Byggnads Fackf\u00f6rbundet Byggnads f\u00f6rbundssekreterare Jakob Wagner \u00e4r i bl\u00e5sv\u00e4der. Han anklagas f\u00f6r&hellip;\n","protected":false},"author":2,"featured_media":99932,"comment_status":"","ping_status":"","sticky":false,"template":"","format":"standard","meta":{"footnotes":""},"categories":[5],"tags":[22,23,26,27,17,21,24,25,28,29,15,16,18,34,31,33,32,30,19,20],"class_list":{"0":"post-99931","1":"post","2":"type-post","3":"status-publish","4":"format-standard","5":"has-post-thumbnail","7":"category-rubriker","8":"tag-breaking-news","9":"tag-breakingnews","10":"tag-featured-news","11":"tag-featurednews","12":"tag-headlines","13":"tag-huvudnyheter","14":"tag-latest-news","15":"tag-latestnews","16":"tag-main-news","17":"tag-mainnews","18":"tag-news","19":"tag-nyheter","20":"tag-rubriker","21":"tag-se","22":"tag-svenska","23":"tag-sverige","24":"tag-sweden","25":"tag-swedish","26":"tag-top-stories","27":"tag-topstories"},"share_on_mastodon":{"url":"https:\/\/pubeurope.com\/@se\/115683062333831701","error":""},"_links":{"self":[{"href":"https:\/\/www.europesays.com\/se\/wp-json\/wp\/v2\/posts\/99931","targetHints":{"allow":["GET"]}}],"collection":[{"href":"https:\/\/www.europesays.com\/se\/wp-json\/wp\/v2\/posts"}],"about":[{"href":"https:\/\/www.europesays.com\/se\/wp-json\/wp\/v2\/types\/post"}],"author":[{"embeddable":true,"href":"https:\/\/www.europesays.com\/se\/wp-json\/wp\/v2\/users\/2"}],"replies":[{"embeddable":true,"href":"https:\/\/www.europesays.com\/se\/wp-json\/wp\/v2\/comments?post=99931"}],"version-history":[{"count":0,"href":"https:\/\/www.europesays.com\/se\/wp-json\/wp\/v2\/posts\/99931\/revisions"}],"wp:featuredmedia":[{"embeddable":true,"href":"https:\/\/www.europesays.com\/se\/wp-json\/wp\/v2\/media\/99932"}],"wp:attachment":[{"href":"https:\/\/www.europesays.com\/se\/wp-json\/wp\/v2\/media?parent=99931"}],"wp:term":[{"taxonomy":"category","embeddable":true,"href":"https:\/\/www.europesays.com\/se\/wp-json\/wp\/v2\/categories?post=99931"},{"taxonomy":"post_tag","embeddable":true,"href":"https:\/\/www.europesays.com\/se\/wp-json\/wp\/v2\/tags?post=99931"}],"curies":[{"name":"wp","href":"https:\/\/api.w.org\/{rel}","templated":true}]}}