{"id":99966,"date":"2025-12-08T09:16:12","date_gmt":"2025-12-08T09:16:12","guid":{"rendered":"https:\/\/www.europesays.com\/se\/99966\/"},"modified":"2025-12-08T09:16:12","modified_gmt":"2025-12-08T09:16:12","slug":"sankte-real-madrid-pa-bernabeu","status":"publish","type":"post","link":"https:\/\/www.europesays.com\/se\/99966\/","title":{"rendered":"S\u00e4nkte Real Madrid p\u00e5 Bernab\u00e9u"},"content":{"rendered":"<p>Williot Swedberg hade en minst sagt trevlig s\u00f6ndagskv\u00e4ll. Den svenske anfallaren gjorde tv\u00e5 m\u00e5l mot sj\u00e4lvaste Real Madrid och blev med det stor matchhj\u00e4lte f\u00f6r sitt Celta Vigo. <\/p>\n<p>21-\u00e5ringen b\u00f6rjade p\u00e5 b\u00e4nken men kom in i den andra halvleken, och bytet visade sig bli en stor succ\u00e9. F\u00f6rst tystade han hemmapubliken p\u00e5 Santiago Bernab\u00e9u genom att skarva in 1\u20130 och p\u00e5 \u00f6vertid dribblade han f\u00f6rbi Real-m\u00e5lvakten Thibaut Courtois och satte matchavg\u00f6rande 2\u20130.<\/p>\n<p>Omni \u00e4r politiskt obundna och oberoende. Vi str\u00e4var efter att ge fler perspektiv p\u00e5 nyheterna. Har du fr\u00e5gor eller synpunkter kring v\u00e5r rapportering? <a href=\"https:\/\/omni.se\/swedbergs-succe-sankte-real-madrid-pa-bernabeu\/a\/mailto:redaktion@omni.se\" class=\"ArticleActions_contactLink__W2F1M\" rel=\"nofollow noopener\" target=\"_blank\">Kontakta redaktionen<\/a><\/p>\n","protected":false},"excerpt":{"rendered":"Williot Swedberg hade en minst sagt trevlig s\u00f6ndagskv\u00e4ll. Den svenske anfallaren gjorde tv\u00e5 m\u00e5l mot sj\u00e4lvaste Real Madrid&hellip;\n","protected":false},"author":2,"featured_media":99967,"comment_status":"","ping_status":"","sticky":false,"template":"","format":"standard","meta":{"footnotes":""},"categories":[68],"tags":[11507,138,6214,34,111,110,31,33,32,30,11506,11505],"class_list":{"0":"post-99966","1":"post","2":"type-post","3":"status-publish","4":"format-standard","5":"has-post-thumbnail","7":"category-sport","8":"tag-celta-vigo","9":"tag-fotboll","10":"tag-real-madrid-cf","11":"tag-se","12":"tag-sport","13":"tag-sports","14":"tag-svenska","15":"tag-sverige","16":"tag-sweden","17":"tag-swedish","18":"tag-thibaut-courtois","19":"tag-williot-swedberg"},"share_on_mastodon":{"url":"https:\/\/pubeurope.com\/@se\/115683195880808353","error":""},"_links":{"self":[{"href":"https:\/\/www.europesays.com\/se\/wp-json\/wp\/v2\/posts\/99966","targetHints":{"allow":["GET"]}}],"collection":[{"href":"https:\/\/www.europesays.com\/se\/wp-json\/wp\/v2\/posts"}],"about":[{"href":"https:\/\/www.europesays.com\/se\/wp-json\/wp\/v2\/types\/post"}],"author":[{"embeddable":true,"href":"https:\/\/www.europesays.com\/se\/wp-json\/wp\/v2\/users\/2"}],"replies":[{"embeddable":true,"href":"https:\/\/www.europesays.com\/se\/wp-json\/wp\/v2\/comments?post=99966"}],"version-history":[{"count":0,"href":"https:\/\/www.europesays.com\/se\/wp-json\/wp\/v2\/posts\/99966\/revisions"}],"wp:featuredmedia":[{"embeddable":true,"href":"https:\/\/www.europesays.com\/se\/wp-json\/wp\/v2\/media\/99967"}],"wp:attachment":[{"href":"https:\/\/www.europesays.com\/se\/wp-json\/wp\/v2\/media?parent=99966"}],"wp:term":[{"taxonomy":"category","embeddable":true,"href":"https:\/\/www.europesays.com\/se\/wp-json\/wp\/v2\/categories?post=99966"},{"taxonomy":"post_tag","embeddable":true,"href":"https:\/\/www.europesays.com\/se\/wp-json\/wp\/v2\/tags?post=99966"}],"curies":[{"name":"wp","href":"https:\/\/api.w.org\/{rel}","templated":true}]}}