{"id":6944,"count":3,"description":"","link":"https:\/\/www.europesays.com\/se\/tag\/newsstory-misstankta-forgiftningarna-pa-akademiska-sjukhuset-i-uppsala\/","name":"newsstory\/misst\u00e4nkta f\u00f6rgiftningarna p\u00e5 akademiska sjukhuset i uppsala","slug":"newsstory-misstankta-forgiftningarna-pa-akademiska-sjukhuset-i-uppsala","taxonomy":"post_tag","meta":[],"_links":{"self":[{"href":"https:\/\/www.europesays.com\/se\/wp-json\/wp\/v2\/tags\/6944","targetHints":{"allow":["GET"]}}],"collection":[{"href":"https:\/\/www.europesays.com\/se\/wp-json\/wp\/v2\/tags"}],"about":[{"href":"https:\/\/www.europesays.com\/se\/wp-json\/wp\/v2\/taxonomies\/post_tag"}],"wp:post_type":[{"href":"https:\/\/www.europesays.com\/se\/wp-json\/wp\/v2\/posts?tags=6944"}],"curies":[{"name":"wp","href":"https:\/\/api.w.org\/{rel}","templated":true}]}}