{"id":100867,"date":"2026-05-23T08:05:10","date_gmt":"2026-05-23T08:05:10","guid":{"rendered":"https:\/\/www.europesays.com\/si\/100867\/"},"modified":"2026-05-23T08:05:10","modified_gmt":"2026-05-23T08:05:10","slug":"potujete-v-bosno-uvajajo-drakonske-kazni-ta-prekrsek-vas-lahko-stane-kar-2500-evrov","status":"publish","type":"post","link":"https:\/\/www.europesays.com\/si\/100867\/","title":{"rendered":"Potujete v Bosno? Uvajajo drakonske kazni, ta prekr\u0161ek vas lahko stane kar 2500 evrov"},"content":{"rendered":"<p>Prihodnjo sredo v BiH za\u010dnejo veljati spremembe obstoje\u010dega zakona o varnosti cestnega prometa z znatno pove\u010danimi kaznimi, ki bodo dosegle tudi dve tiso\u010d petsto evrov, navajajo tamkaj\u0161nji mediji. Z njimi se posebej sankcionira t. i. objestna vo\u017enja, to je ve\u010dkratna vo\u017enja skozi rde\u010do lu\u010d na semaforju, drasti\u010dno prekora\u010ditev hitrosti ter vo\u017enja pod vplivom alkohola in prepovedanih drog.<\/p>\n<p>\u00bbLeta smo v tej dr\u017eavi gledali isto: divjanje skozi naselja, vo\u017enjo skozi rde\u010do, dirke po mestih, ko pa je nekdo umrl, so vsi govorili, da se &#8216;mora nekaj spremeniti&#8217;. A ni\u010d se ni spreminjalo, ker na\u0161 zakon nikoli ni niti prepoznal tega, kar dr\u017eavljani vsakodnevno vidijo na cestah \u2013 bahate vo\u017enje kot zavestnega ogro\u017eanja \u017eivljenja drugih ljudi. Zato smo predlagali ta zakon,\u00ab\u00a0je povedal eden od predlagateljev sprememb zakona,\u00a0poslanec Sa\u0161a Magazinovi\u0107 (SDP BiH).<\/p>\n<p>42000\u00a0prometnih nesre\u010d, umrlo 288 ljudi<\/p>\n<p>Samo v obdobju od predlo\u017eitve sprememb zakona do njihovega dokon\u010dnega sprejetja je bilo zabele\u017eenih 42 tiso\u010d prometnih nesre\u010d, v katerih je umrlo 288 ljudi, je navedel.<\/p>\n<p>Za objestno vo\u017enjo zakon zdaj \u0161teje, \u010de voznik v razmiku 20 minut dvakrat ali ve\u010dkrat zapelje skozi rde\u010do lu\u010d na semaforju ali v naseljenem kraju vozi s hitrostjo, ki je za ve\u010d kot 40 kilometrov vi\u0161ja od najvi\u0161je dovoljene. Izven naseljenih obmo\u010dij se ta kvalifikacija uporablja za prekora\u010ditev hitrosti za ve\u010d kot 60 kilometrov. Drasti\u010dne kazni grozijo tudi voznikom, ki \u010dez polno \u010drto prehitevajo kolono vozil ali sedejo za volan\u00a0s koncentracijo alkohola, vi\u0161jo od 1,5 promila, oziroma pod vplivom narkotikov ali drugih psihoaktivnih snovi.<\/p>\n<p>Predvidene so denarne kazni do tri tiso\u010d konvertibilnih mark (1500 evrov), \u010de pa je posledica vo\u017enje prometna nesre\u010da, se kazen pove\u010da do 2500 evrov. Ve\u010dkratnim kr\u0161iteljem bo policija lahko takoj odvzela vozni\u0161ko dovoljenje, pa tudi zasegla avtomobil.\u00a0Do 200 evrov zna\u0161ajo kazni za manj\u0161e prekr\u0161ke, kot sta neuporaba varnostnega pasu ali uporaba mobilnega telefona med vo\u017enjo, sankcionirano pa bo tudi morebitno zavra\u010danje testa\u00a0na prisotnost narkotikov.<\/p>\n<p>\u00a0<\/p>\n<p>\u00a0<\/p>\n<p>\u00a0<\/p>\n","protected":false},"excerpt":{"rendered":"Prihodnjo sredo v BiH za\u010dnejo veljati spremembe obstoje\u010dega zakona o varnosti cestnega prometa z znatno pove\u010danimi kaznimi, ki&hellip;\n","protected":false},"author":2,"featured_media":100868,"comment_status":"","ping_status":"","sticky":false,"template":"","format":"standard","meta":{"footnotes":"","_share_on_mastodon":"0"},"categories":[8],"tags":[112,326,15194,6227,215,5386,37,38,64,9118,63],"class_list":["post-100867","post","type-post","status-publish","format-standard","has-post-thumbnail","category-svet","tag-kazen","tag-policija","tag-prehitra-voznja","tag-prekrsek","tag-prometna-nesreca","tag-prometna-varnost","tag-slovene","tag-slovenscina","tag-svet","tag-voznja","tag-world"],"share_on_mastodon":{"url":"https:\/\/pubeurope.com\/@si\/116622860260272191","error":""},"_links":{"self":[{"href":"https:\/\/www.europesays.com\/si\/wp-json\/wp\/v2\/posts\/100867","targetHints":{"allow":["GET"]}}],"collection":[{"href":"https:\/\/www.europesays.com\/si\/wp-json\/wp\/v2\/posts"}],"about":[{"href":"https:\/\/www.europesays.com\/si\/wp-json\/wp\/v2\/types\/post"}],"author":[{"embeddable":true,"href":"https:\/\/www.europesays.com\/si\/wp-json\/wp\/v2\/users\/2"}],"replies":[{"embeddable":true,"href":"https:\/\/www.europesays.com\/si\/wp-json\/wp\/v2\/comments?post=100867"}],"version-history":[{"count":0,"href":"https:\/\/www.europesays.com\/si\/wp-json\/wp\/v2\/posts\/100867\/revisions"}],"wp:featuredmedia":[{"embeddable":true,"href":"https:\/\/www.europesays.com\/si\/wp-json\/wp\/v2\/media\/100868"}],"wp:attachment":[{"href":"https:\/\/www.europesays.com\/si\/wp-json\/wp\/v2\/media?parent=100867"}],"wp:term":[{"taxonomy":"category","embeddable":true,"href":"https:\/\/www.europesays.com\/si\/wp-json\/wp\/v2\/categories?post=100867"},{"taxonomy":"post_tag","embeddable":true,"href":"https:\/\/www.europesays.com\/si\/wp-json\/wp\/v2\/tags?post=100867"}],"curies":[{"name":"wp","href":"https:\/\/api.w.org\/{rel}","templated":true}]}}