{"id":101013,"date":"2026-05-23T10:41:20","date_gmt":"2026-05-23T10:41:20","guid":{"rendered":"https:\/\/www.europesays.com\/si\/101013\/"},"modified":"2026-05-23T10:41:20","modified_gmt":"2026-05-23T10:41:20","slug":"nina-narat-meden-nova-predsednica-slovenskega-drustva-za-odnose-z-javnostmi","status":"publish","type":"post","link":"https:\/\/www.europesays.com\/si\/101013\/","title":{"rendered":"Nina Narat Meden nova predsednica Slovenskega dru\u0161tva za odnose z javnostmi"},"content":{"rendered":"<p>\u010clani dru\u0161tva so izbrali novo vodstvo, ki bo v naslednjem mandatnem obdobju soustvarjalo prihodnost slovenske komunikacijske stroke. Nova predsednica PRSS je postala Nina Narat Meden, vodja kabineta rektorja Univerze v Ljubljani, ki je na tem mestu nasledila Tino Cipot.\u00a0<\/p>\n<p>                                                &#13;<\/p>\n<p>                                                                &#13;<\/p>\n<p>Narat Meden se je ob izvolitvi zahvalila \u010dlanom za zaupanje in dosedanjemu vodstvu za uspe\u0161no delo ter poudarila:\u00a0\u00bbPred mano je odgovorna vloga, ki jo sprejemam z veliko poni\u017enostjo. Trudila se bom nadaljevati odli\u010dno delo, ki so ga v zadnjih letih opravili predhodniki. V \u010dasu, ko nam umetna inteligenca marsikaj odna\u0161a, ostajajo stvari, ki nam jih ne more vzeti \u2013 to so integriteta, etika in na\u0161a empatija. Predvsem pa si \u017eelim, da si v PRSS medseboj pomagamo in na ta na\u010din skupaj rastemo.\u00ab<\/p>\n<p>                                                &#13;<\/p>\n<p>                                                                &#13;<\/p>\n<p>                                                                <img decoding=\"async\" m_ext=\"iff\" m_id=\"25150\" src=\"https:\/\/www.europesays.com\/si\/wp-content\/uploads\/2026\/05\/25150_xod-foto-markopleterski-press-skoj-3-4_iff.jpg\"\/>&#13;<\/p>\n<p>                                                                &#13;<\/p>\n<p>Maja Kalan in Nina Narat Meden. Foto: XOD Agency<\/p>\n<p>&#13;<\/p>\n<p>                                                                &#13;<\/p>\n<p>                                                                &#13;<\/p>\n<p>\u010clani dru\u0161tva so v nov upravni odbor izvolili tudi dva podpredsednika. To vlogo bosta v prihodnjem mandatu opravljala Maja Kalan, vodja korporativnega komuniciranja v Ljubljanskih mlekarnah, in Martin Baj\u017eelj, vodja sektorja za objavljanje in komuniciranje na Statisti\u010dnem uradu Republike Slovenije. Nova ekipa bo skupaj skrbela za povezovanje kolegov in krepitev ugleda odnosov z javnostmi v Sloveniji.\u00a0<\/p>\n<p>                                                &#13;<\/p>\n<p>                                                                &#13;<\/p>\n<p>                                                                <img decoding=\"async\" m_ext=\"iff\" m_id=\"25152\" src=\"https:\/\/www.europesays.com\/si\/wp-content\/uploads\/2026\/05\/25152_xod-foto-markopleterski-press-skoj-3-2_iff.jpg\"\/>&#13;<\/p>\n<p>                                                                &#13;<\/p>\n<p>Foto: XOD Agency<\/p>\n<p>&#13;<\/p>\n<p>                                                                &#13;<\/p>\n<p>                                                                &#13;<\/p>\n<p>Novoizvoljena predsednica je predstavila tudi tri glavne programske stebre. Prvi prina\u0161a nadgradnjo izobra\u017eevanja z uvedbo mikrodokazil v okviru dru\u0161tva ter tesnej\u0161e sodelovanje z univerzami, kar bo komunikatorjem pomagalo pri prilagajanju na sodobne izzive. Drugi steber je usmerjen v krepitev integritete in transparentnosti, kjer se bo dru\u0161tvo povezalo s pristojnimi institucijami, vklju\u010dno s Komisijo za prepre\u010devanje korupcije (KPK), ter izpostavilo dru\u017ebeno odgovornost transparentnega komuniciranja pri gradnji zaupanja. Tretji strate\u0161ki cilj pa je pridobitev statusa nevladne organizacije v javnem interesu.\u00a0<\/p>\n<p>                                                &#13;<\/p>\n<p>                                                                &#13;<\/p>\n<p>                                                                <img decoding=\"async\" m_ext=\"iff\" m_id=\"25153\" src=\"https:\/\/www.europesays.com\/si\/wp-content\/uploads\/2026\/05\/25153_xod-foto-markopleterski-press-skoj-3-1_iff.jpg\"\/>&#13;<\/p>\n<p>                                                                &#13;<\/p>\n<p>Foto: XOD Agency<\/p>\n<p>&#13;<\/p>\n<p>                                                                &#13;<\/p>\n<p>                                                                &#13;<\/p>\n<p>Dosedanja predsednica Tina Cipot se je ob predaji mandata ozrla na preteklo obdobje in novi ekipi za\u017eelela uspe\u0161no pot:\u00a0\u00bbMoja zgodba v PRSS je bila v zadnjih devetih letih velika \u010dast in odgovornost, na trenutke je bilo kdaj tudi zelo naporno. Skupnost strokovnjakov za odnose z javnostmi v Sloveniji je izjemna, \u017eeljna znanja in napredka. Z vsemi kolegi, s katerimi sem bila del uprave v dolo\u010denem obdobju, smo bili motivirani, da smo na\u0161e dru\u0161tvo peljali v bolj sodoben \u010das. \u010cestitam novi upravi in ji \u017eelim resni\u010dno dobre izzive in kar se da uspe\u0161no vodenje.\u00ab<\/p>\n","protected":false},"excerpt":{"rendered":"\u010clani dru\u0161tva so izbrali novo vodstvo, ki bo v naslednjem mandatnem obdobju soustvarjalo prihodnost slovenske komunikacijske stroke. Nova&hellip;\n","protected":false},"author":2,"featured_media":101014,"comment_status":"","ping_status":"","sticky":false,"template":"","format":"standard","meta":{"footnotes":"","_share_on_mastodon":"0"},"categories":[21],"tags":[124,29526,29527,29525,16419,29523,62,37,58,60,38,29524,29528],"class_list":["post-101013","post","type-post","status-publish","format-standard","has-post-thumbnail","category-ljubljana","tag-ljubljana","tag-maja-kalan","tag-martin-bajzelj","tag-nina-narat-meden","tag-premmiki","tag-prss","tag-si","tag-slovene","tag-slovenia","tag-slovenija","tag-slovenscina","tag-slovensko-drustvo-za-odnose-z-javnostmi","tag-tina-cipot"],"share_on_mastodon":{"url":"https:\/\/pubeurope.com\/@si\/116623473659768259","error":""},"_links":{"self":[{"href":"https:\/\/www.europesays.com\/si\/wp-json\/wp\/v2\/posts\/101013","targetHints":{"allow":["GET"]}}],"collection":[{"href":"https:\/\/www.europesays.com\/si\/wp-json\/wp\/v2\/posts"}],"about":[{"href":"https:\/\/www.europesays.com\/si\/wp-json\/wp\/v2\/types\/post"}],"author":[{"embeddable":true,"href":"https:\/\/www.europesays.com\/si\/wp-json\/wp\/v2\/users\/2"}],"replies":[{"embeddable":true,"href":"https:\/\/www.europesays.com\/si\/wp-json\/wp\/v2\/comments?post=101013"}],"version-history":[{"count":0,"href":"https:\/\/www.europesays.com\/si\/wp-json\/wp\/v2\/posts\/101013\/revisions"}],"wp:featuredmedia":[{"embeddable":true,"href":"https:\/\/www.europesays.com\/si\/wp-json\/wp\/v2\/media\/101014"}],"wp:attachment":[{"href":"https:\/\/www.europesays.com\/si\/wp-json\/wp\/v2\/media?parent=101013"}],"wp:term":[{"taxonomy":"category","embeddable":true,"href":"https:\/\/www.europesays.com\/si\/wp-json\/wp\/v2\/categories?post=101013"},{"taxonomy":"post_tag","embeddable":true,"href":"https:\/\/www.europesays.com\/si\/wp-json\/wp\/v2\/tags?post=101013"}],"curies":[{"name":"wp","href":"https:\/\/api.w.org\/{rel}","templated":true}]}}