{"id":101360,"date":"2026-05-23T17:18:11","date_gmt":"2026-05-23T17:18:11","guid":{"rendered":"https:\/\/www.europesays.com\/si\/101360\/"},"modified":"2026-05-23T17:18:11","modified_gmt":"2026-05-23T17:18:11","slug":"hrgota-vodilnim-mozem-fis-nalil-cistega-vina-ni-bilo-posteno-do-nasih-fantov","status":"publish","type":"post","link":"https:\/\/www.europesays.com\/si\/101360\/","title":{"rendered":"Hrgota vodilnim mo\u017eem FIS nalil \u010distega vina: &#8220;Ni bilo po\u0161teno do na\u0161ih fantov!&#8221;"},"content":{"rendered":"<p>Hrgota je dal jasno vedeti, kaj si misli o kontroli opreme v minuli sezoni.<\/p>\n<p>V nadaljevanju preberite:<\/p>\n<p>Slovenska mo\u0161ka skakalna reprezentanca za\u010dela s pripravami.<br \/>\nNobene revolucije na treningih.<br \/>\nNa to mora biti Domen \u0161e posebej pazljiv.<br \/>\nNova pravila FIS ne bodo te\u017eava.<br \/>\nTe\u017eava je neenakopravno izvr\u0161evanje pravil.<br \/>\nOdsotnost Roberta Kranjca.<\/p>\n<p>Slovenska mo\u0161ka skakalna reprezentanca se je po kraj\u0161em premoru po zgodovinsko uspe\u0161ni sezoni ponovno zbrala in \u017ee za\u010dela s pripravami na novo sezono. Slovenski orli so namre\u010d na atletskem stadionu v Kranju \u017ee za\u010deli s kondicijskimi\u00a0pripravami na novo naporno sezono, katere vrhunec bo poleg tradicionalne novoletne turneje ter finala v Planici tudi svetovno prvenstvo v Falunu.<\/p>\n<p>Glavni trener slovenskih skakalcev\u00a0Robert Hrgota\u00a0je ob za\u010detku priprav poudaril, da pri treningih ne namerava preve\u010d spreminjati stvari, ki so se v preteklosti tako dobro obnesle, da pa bo seveda program treningov delno prilagojen individualnim potrebam posameznih skakalcev in dolo\u010denim popravkom pri tehniki.<\/p>\n<p>Tudi v novi sezoni bo glavni adut slovenske reprezentance\u00a0Domen Prevc,\u00a0ki bo po zgodovinsko uspe\u0161ni sezoni, v kateri je osvojil veliki in mali kristalni globus, dve zlati olimpijski medalji, naslov svetovnega prvaka v poletih ter zlatega orla za zmago na novoletni turneji,\u00a0branil status najbolj\u0161ega skakalca na svetu.<\/p>\n<p><img decoding=\"async\" alt=\"Robert Hrgota, Domen Prevc | Avtor: Sa\u0161a Despot\" class=\"rwd\" data-href=\"https:\/\/www.zurnal24.si\/media\/img\/05\/27\/5efb97b1cece431e45be.jpeg\" itemprop=\"image\" src=\"\/media\/img\/6e\/f5\/b3a39bfc135957e287ec.jpeg\"\/><\/p>\n<p>                Sa\u0161a Despot<\/p>\n<p>Hrgota poudarja, da je pri najbolj\u0161em skakalcu minule sezone najpomembneje, da ostane miren in se izogne kak\u0161nim prenagljenim spremembam.\u00a0&#8220;Pomembno je, da ne prehiteva dogodkov, da naredi korak nazaj in se posveti stvarem, ki so zanj do zdaj delovale. Da ohrani to, kar je delal. Da ne prehiteva z novostmi, spremembami. \u010ce \u017eeli\u0161 dva koraka naprej, gre\u0161 lahko hitro kak korak nazaj. Pomembno je, da obnovi, kar je delal, in da po potrebi dodajamo stvari,&#8221;\u00a0so izjave Hrgote povzeli pri Siolu. Slovenski trener je sicer dodal, da Domnu ne primanjkuje motivacije, saj\u00a0\u017eeli dokazati, da je lahko na najvi\u0161jem nivoju ve\u010d kot le eno sezono.<\/p>\n<p>V prvem delu priprav se bodo skakalci osredoto\u010dili primarno na fizi\u010dno pripravo. Nato pa se bodo postopoma prestavili na skakalnico, najprej tisti, ki bodo od za\u010detka poletne sezone zastopali Slovenijo na poletni veliki nagradi. To so\u00a0Lovro Kos, \u017diga Jan\u010dar\u00a0in\u00a0Rok Oblak. Domen Prevc,\u00a0An\u017ee Lani\u0161ek\u00a0in\u00a0Timi Zajc,\u00a0ki niso na\u010drtovani za prve tekme poletne sezone, naj bi tako s skoki za\u010deli \u0161ele v drugem tednu junija, medtem ko naj bi si slovenski skakalci pri treningu pomagali tudi z novim vetrovnikom v \u017dirovnici.<\/p>\n<p>Poleg na\u010drtov treninga pa se je Hrgota na za\u010detku sezone, na sre\u010danju z novinarji, dotaknil \u0161e ene teme, ki je mo\u010dno zaznamovala lansko sezono in bo pomemben dejavnik tudi v prihajajo\u010di. Glavni slovenski trener je namre\u010d spregovoril tudi o te\u017eavah z opremo, predvsem tekmovalnimi dresi, ki jih je minulo sezono imela slovenska reprezentanca, ki je bila pogosto na bojni nogi s kontrolorji pri Mednarodni smu\u010darski zvezi (FIS).<\/p>\n<p><img decoding=\"async\" alt=\"Robert Hrgota | Avtor: Sa\u0161a Despot\" class=\"rwd\" data-href=\"https:\/\/www.zurnal24.si\/media\/img\/bb\/ce\/2d5a308d5fc1155dbb4a.jpeg\" itemprop=\"image\" src=\"\/media\/img\/5a\/b0\/f7d0f13fc222de41bc1f.jpeg\"\/><\/p>\n<p>                Sa\u0161a Despot<\/p>\n<p>Pri FIS-u so namre\u010d tudi pred leto\u0161njo sezono uvedli nova, stro\u017eja pravila glede pregleda opreme, kar pa v slovenskem taboru sploh ne vidijo kot glavno te\u017eavo.\u00a0&#8220;Pri dresih se zelo omejuje. To moramo sprejeti in se prilagoditi ter optimalno pripraviti drese za fante. Nova pravila na nas ne bi smela veliko vplivati, na preostale\u00a0nacije\u00a0pa kar precej,&#8221; Hrgoto povzemajo pri Siolu.<\/p>\n<p>Glavna te\u017eava naj bi predvsem le\u017eala v neenakopravnem izvr\u0161evanju teh pravil. Hrgota je namre\u010d poudaril, da v\u00a0prej\u0161nji sezoni niso bile vse ekipe podvr\u017eene enakemu nadzoru.\u00a0&#8220;Na za\u010detku sezone smo za\u010deli z zelo enakovrednimi pravili za vse, proti koncu sezone pa so se videle zelo velike razlike. Predvsem na olimpijskih igrah so dolo\u010dene nacije precej tvegale in to se jim je obrestovalo. To ni bilo prav. Dolo\u010dene stvari so spregledali za dobro \u0161porta. Na te\u00a0stvari bo treba dati ve\u010d poudarka,&#8221; so izjave Hrgote povzeli pri Siolu.<\/p>\n<p>Glavni slovenski trener je pojasnil, da so imele nekatere reprezentance dosti ve\u010djo svobodo pri svoji opremi, saj so bili Slovenci zaradi dominance Domna Prevca pod stalnim nadzorom. &#8220;O\u010di so bile uprte v Domna in posledi\u010dno v na\u0161e fante, drugi pa so nas prehitevali po levi in desni. To se je proti koncu sezone zelo poznalo. Ni bilo po\u0161teno do na\u0161ih fantov.&#8221;<\/p>\n<p>Hrgota zdaj upa, da bodo nova pravila dosledno veljala za vse reprezentance skozi celotno sezono. Meni, da bodo spremembe druge ekipe bolj prizadele kot Slovenijo, saj so za slovenske smu\u010darske skakalce \u017ee zdaj veljali stro\u017eji standardi.<\/p>\n<p><img decoding=\"async\" alt=\"Robert Kranjec, Robert Hrgota | Avtor: Sa\u0161a Despot\" class=\"rwd\" data-href=\"https:\/\/www.zurnal24.si\/media\/img\/a9\/6f\/f8c952350a2615216e54.jpeg\" itemprop=\"image\" src=\"\/media\/img\/88\/35\/73e5d8ce601cb114ceb5.jpeg\"\/><\/p>\n<p>                Sa\u0161a Despot<\/p>\n<p>Slovenski skakalci se bodo sicer v novi sezoni morali znajti\u00a0brez Roberta Kranjca, ki po aprilski kolesarski nesre\u010di \u0161e ne more opravljati svojih nalog. Kranjec je bil namre\u010d v reprezentanci odgovoren za zadeve\u00a0povezane z oblekami in opremo, tako da se bo njegova odsotnost mo\u010dno poznala. Za\u010dasno je tako prevzel njegove naloge Ga\u0161per Berlot, ki je prej delal z \u017eensko reprezentanco.\u00a0 Hrgota pri tem poudarja, da je trenutno najpomembnej\u0161e zgolj Kranj\u010devo okrevanje<\/p>\n<p>\u00a0&#8220;To je za nas zagotovo udarec. Ampak najpomembnej\u0161e je, da bo Robi v redu in da gredo stvari v pravo smer. Hvala bogu, da je operacija uspela, zdaj za\u010denja rehabilitacijo. Mi bomo \u017ee zapolnili trenutno luknjo. Pomembno je, da Robi ozdravi. Ko bo pripravljen, se bo vrnil. Zdaj potrebuje mir in \u010das,&#8221; so besede slovenskega glavnega trenerja povzeli pri Siolu.<\/p>\n<p>Za konec pa je slovenski selektor \u0161e poudaril, da si \u017eeli v novi sezoni\u00a0ve\u010d sodelovanja med svojo A ekipo in B ekipo, ki jo bo vodil\u00a0Ga\u0161per Vodan.\u00a0\u017deli si,\u00a0da bi bil sistem treningov poenoten in da se tako reprezentanca ne bi zana\u0161ala le na nekaj vodij, pa\u010d pa bi v ozadju ustvarila ve\u010dje \u0161tevilo skakalcev primernih za nastope v svetovnem pokalu.<\/p>\n","protected":false},"excerpt":{"rendered":"Hrgota je dal jasno vedeti, kaj si misli o kontroli opreme v minuli sezoni. V nadaljevanju preberite: Slovenska&hellip;\n","protected":false},"author":2,"featured_media":101361,"comment_status":"","ping_status":"","sticky":false,"template":"","format":"standard","meta":{"footnotes":"","_share_on_mastodon":"0"},"categories":[16],"tags":[535,532,1507,19431,62,37,58,60,38,533,94,93],"class_list":["post-101360","post","type-post","status-publish","format-standard","has-post-thumbnail","category-sport","tag-domen-prevc","tag-fis","tag-robert-hrgota","tag-robert-kranjec","tag-si","tag-slovene","tag-slovenia","tag-slovenija","tag-slovenscina","tag-smucarski-skoki","tag-sport","tag-sports"],"share_on_mastodon":{"url":"https:\/\/pubeurope.com\/@si\/116625034810546390","error":""},"_links":{"self":[{"href":"https:\/\/www.europesays.com\/si\/wp-json\/wp\/v2\/posts\/101360","targetHints":{"allow":["GET"]}}],"collection":[{"href":"https:\/\/www.europesays.com\/si\/wp-json\/wp\/v2\/posts"}],"about":[{"href":"https:\/\/www.europesays.com\/si\/wp-json\/wp\/v2\/types\/post"}],"author":[{"embeddable":true,"href":"https:\/\/www.europesays.com\/si\/wp-json\/wp\/v2\/users\/2"}],"replies":[{"embeddable":true,"href":"https:\/\/www.europesays.com\/si\/wp-json\/wp\/v2\/comments?post=101360"}],"version-history":[{"count":0,"href":"https:\/\/www.europesays.com\/si\/wp-json\/wp\/v2\/posts\/101360\/revisions"}],"wp:featuredmedia":[{"embeddable":true,"href":"https:\/\/www.europesays.com\/si\/wp-json\/wp\/v2\/media\/101361"}],"wp:attachment":[{"href":"https:\/\/www.europesays.com\/si\/wp-json\/wp\/v2\/media?parent=101360"}],"wp:term":[{"taxonomy":"category","embeddable":true,"href":"https:\/\/www.europesays.com\/si\/wp-json\/wp\/v2\/categories?post=101360"},{"taxonomy":"post_tag","embeddable":true,"href":"https:\/\/www.europesays.com\/si\/wp-json\/wp\/v2\/tags?post=101360"}],"curies":[{"name":"wp","href":"https:\/\/api.w.org\/{rel}","templated":true}]}}