{"id":101615,"date":"2026-05-23T22:36:11","date_gmt":"2026-05-23T22:36:11","guid":{"rendered":"https:\/\/www.europesays.com\/si\/101615\/"},"modified":"2026-05-23T22:36:11","modified_gmt":"2026-05-23T22:36:11","slug":"v-zelji-po-popolnem-tiktok-posnetku-sredi-noci-na-goro-vzpon-usoden-za-20-letnika","status":"publish","type":"post","link":"https:\/\/www.europesays.com\/si\/101615\/","title":{"rendered":"V \u017eelji po popolnem tiktok posnetku sredi no\u010di na goro, vzpon usoden za 20-letnika"},"content":{"rendered":"<p>    <img decoding=\"async\" data-lb-desktop=\"\/media\/2026\/05\/23\/832399\/Orig-704851385_18021201443830578_5869256006386470223_n-1200.webp\" data-lb-mobile=\"\/media\/2026\/05\/23\/832399\/Orig-704851385_18021201443830578_5869256006386470223_n-600.webp\" class=\"main-gallery-image se_image_lb\" src=\"https:\/\/www.europesays.com\/si\/wp-content\/uploads\/2026\/05\/Wide-704851385_18021201443830578_5869256006386470223_n-1000.webp\" alt=\"Re\u0161evanje Zugspitze\"\/><\/p>\n<p>20-letnika sta se sredi no\u010di odpravila v visokogorjegore, da bi son\u010dni vzhod opazovala z vrha gore Zugspitze. Odprava je bila za enega od njiju usodna. Foto:\u00a0Facebook\/Bergrettung Ehrwald<\/p>\n<p>V \u017eelji po popolnem tiktok posnetku sredi no\u010di na goro, vzpon usoden za 20-letnika<\/p>\n<p>Mlada nem\u0161ka dr\u017eavljana sta se sredi no\u010di slabo opremljena odpravila na najvi\u0161jo goro Nem\u010dije, da bi ulovila in ovekove\u010dila son\u010dni vzhod. Gre za enega od tiktok trendov, ki so trenutno v porastu. Za enega od mladeni\u010dev je bil vzpon usoden.<\/p>\n<p>\u017delja po lepih fotografijah za dru\u017ebena omre\u017eja v kombinaciji s pomanjkanjem gorskih izku\u0161enj je danes pono\u010di botrovala hudi gorski nesre\u010di na gori Zugspitze.<\/p>\n<p>        <img decoding=\"async\" data-lb-desktop=\"\/media\/2026\/05\/23\/832400\/Orig-705341094_18021201452830578_1424659811516863508_n-1200.webp\" data-lb-mobile=\"\/media\/2026\/05\/23\/832400\/Orig-705341094_18021201452830578_1424659811516863508_n-600.webp\" class=\"se_image se_image_lb\" src=\"https:\/\/www.europesays.com\/si\/wp-content\/uploads\/2026\/05\/Orig-705341094_18021201452830578_1424659811516863508_n-1000.webp\" alt=\"Re\u0161evanje Zugspitze\"\/><\/p>\n<p>Re\u0161evalci so se do ponesre\u010dencev prebijali po zelo zahtevnem zimskem terenu. Foto: Facebook\/Bergrettung Ehrwald<\/p>\n<p>Dva 20-letna nem\u0161ka dr\u017eavljana sta se z avstrijske strani za\u010dela vzpenjati proti vrhu. Njun cilj je bil opazovati son\u010dni vzhod z vrha najvi\u0161je nem\u0161ke gore.<\/p>\n<p>Brez osnovne zimske opreme<\/p>\n<p>Pot velja za zahtevno, v tem letnem \u010dasu pa je na njej \u0161e veliko snega. Mladeni\u010da sta bila kljub temu\u00a0 povsem neprimerno opremljena, pi\u0161e avstrijski Krone.<\/p>\n<p>\u00bbS seboj nista imela ne derez, ne plezalnega pasu, ne \u010delade ali cepina,\u00ab je pojasnil Riccardo Mizio, vodja re\u0161evalne akcije iz gorske re\u0161evalne slu\u017ebe Ehrwald, ki je tudi dejal, da so \u00bbvideoposnetki na dru\u017ebenih omre\u017ejih tako izzivalni, da \u010dlovek skoraj mora ra\u010dunati s tem, da se bodo dogajale nesre\u010de\u00ab. Mladeni\u010da sta sicer imela na \u010devljih name\u0161\u010dene zgolj mini dereze, kar je za tovrstne povsem neustrezno.\u00a0<\/p>\n<p>Okoli 3. ure zjutraj je pri pre\u010denju zaledenelega sne\u017ei\u0161\u010da 20-letniku, rojenemu v Kazahstanu, spodrsnilo. Zgrmel je pribli\u017eno 250 metrov globoko \u010dez strmo in skalnato steno.<\/p>\n<p>Nevarne objave na dru\u017ebenih omre\u017ejih<\/p>\n<p>V zadnjih letih gorski re\u0161evalci opa\u017eajo porast \u0161tevila mladih, popolnoma neizku\u0161enih ljudi, ki se sredi no\u010di in brez opreme odpravljajo na zelo zahtevne vrhove, kakr\u0161en je denimo Zugspitze, predvsem zato, da bi posneli popolno fotografijo son\u010dnega vzhoda.<\/p>\n<p>Na platformah, kot sta tikok in instagram, so namre\u010d izjemno priljubljeni videoposnetki z naslovi v slogu \u00bbNajbolj\u0161i skriti koti\u010dki za son\u010dni vzhod\u00ab\u00a0ali \u00bbGora, ki jo mora\u0161 osvojiti\u00ab. Ti posnetki visokogorje prikazujejo kot dostopno kuliso za lepe fotografije, kar botruje vedno ve\u010d tragi\u010dnim nesre\u010dam v gorah.<\/p>\n<p>Poklical ameri\u0161ko \u0161tevilko v sili\u00a0<\/p>\n<p>Njegov prijatelj, sicer rojen v Ukrajini, je v \u0161oku in zmedi poklical na ameri\u0161ko \u0161tevilko za klice v sili, klic pa je bil\u00a0nato preusmerjen v centralo na Bavarskem.<\/p>\n<p>Ker je fant govoril le v polomljeni angle\u0161\u010dini, de\u017eurnim operaterjem ni znal pojasniti, kje natan\u010dno se je zgodila nesre\u010da. Re\u0161evalci so zato spro\u017eili obse\u017eno iskalno akcijo. V zrak je poletel tudi helikopter za no\u010dno letenje.<\/p>\n<p>Malo po 4. uri zjutraj so ga re\u0161evalci kon\u010dno na\u0161li. Helikopter je re\u0161evalno ekipo odlo\u017eil pri ko\u010di Wiener Neust\u00e4dter H\u00fctte, od koder so re\u0161evalci pot nadaljevali pe\u0161. Kmalu so vzpostavili stik s pre\u017eivelim 20-letnikom, ki je bil v hudem \u0161oku in je ponavljal le to, da je njegov prijatelj nenadoma izginil, ker mu je spodrsnilo.<\/p>\n<p>Vodja re\u0161evalcev se je nato spustil proti dnu prepada in okoli 5. ure zjutraj na\u0161el padlega mladeni\u010da. Zaradi hudih po\u0161kodb pri padcu mu ni bilo ve\u010d pomo\u010di.\u00a0<\/p>\n","protected":false},"excerpt":{"rendered":"20-letnika sta se sredi no\u010di odpravila v visokogorjegore, da bi son\u010dni vzhod opazovala z vrha gore Zugspitze. Odprava&hellip;\n","protected":false},"author":2,"featured_media":101616,"comment_status":"","ping_status":"","sticky":false,"template":"","format":"standard","meta":{"footnotes":"","_share_on_mastodon":"0"},"categories":[8],"tags":[1398,12575,493,29689,9010,37,38,64,602,63,11702],"class_list":["post-101615","post","type-post","status-publish","format-standard","has-post-thumbnail","category-svet","tag-druzbena-omrezja","tag-gorska-nesreca","tag-nemcija","tag-nevarnost-v-gorah","tag-resevalna-akcija","tag-slovene","tag-slovenscina","tag-svet","tag-varnost-v-gorah","tag-world","tag-zimska-oprema"],"share_on_mastodon":{"url":"https:\/\/pubeurope.com\/@si\/116626285420626461","error":""},"_links":{"self":[{"href":"https:\/\/www.europesays.com\/si\/wp-json\/wp\/v2\/posts\/101615","targetHints":{"allow":["GET"]}}],"collection":[{"href":"https:\/\/www.europesays.com\/si\/wp-json\/wp\/v2\/posts"}],"about":[{"href":"https:\/\/www.europesays.com\/si\/wp-json\/wp\/v2\/types\/post"}],"author":[{"embeddable":true,"href":"https:\/\/www.europesays.com\/si\/wp-json\/wp\/v2\/users\/2"}],"replies":[{"embeddable":true,"href":"https:\/\/www.europesays.com\/si\/wp-json\/wp\/v2\/comments?post=101615"}],"version-history":[{"count":0,"href":"https:\/\/www.europesays.com\/si\/wp-json\/wp\/v2\/posts\/101615\/revisions"}],"wp:featuredmedia":[{"embeddable":true,"href":"https:\/\/www.europesays.com\/si\/wp-json\/wp\/v2\/media\/101616"}],"wp:attachment":[{"href":"https:\/\/www.europesays.com\/si\/wp-json\/wp\/v2\/media?parent=101615"}],"wp:term":[{"taxonomy":"category","embeddable":true,"href":"https:\/\/www.europesays.com\/si\/wp-json\/wp\/v2\/categories?post=101615"},{"taxonomy":"post_tag","embeddable":true,"href":"https:\/\/www.europesays.com\/si\/wp-json\/wp\/v2\/tags?post=101615"}],"curies":[{"name":"wp","href":"https:\/\/api.w.org\/{rel}","templated":true}]}}