{"id":102429,"date":"2026-05-24T17:57:13","date_gmt":"2026-05-24T17:57:13","guid":{"rendered":"https:\/\/www.europesays.com\/si\/102429\/"},"modified":"2026-05-24T17:57:13","modified_gmt":"2026-05-24T17:57:13","slug":"tajska-uvaja-spremembe-pomembne-tudi-za-slovenske-turiste","status":"publish","type":"post","link":"https:\/\/www.europesays.com\/si\/102429\/","title":{"rendered":"Tajska uvaja spremembe, pomembne tudi za slovenske turiste"},"content":{"rendered":"<p>    <img decoding=\"async\" data-lb-desktop=\"\/media\/2026\/05\/23\/832419\/Orig-20191118_114344-1200.webp\" data-lb-mobile=\"\/media\/2026\/05\/23\/832419\/Orig-20191118_114344-600.webp\" class=\"main-gallery-image se_image_lb\" src=\"https:\/\/www.europesays.com\/si\/wp-content\/uploads\/2026\/05\/Wide-20191118_114344-1000.webp\" alt=\"pla\u017ea, Tajska, morje\"\/><\/p>\n<p>Tajske oblasti so se odlo\u010dile znatno skraj\u0161ati \u010das, ki ga lahko tujci pre\u017eivijo v dr\u017eavi brez pridobljenega vizuma. Foto: arhiv Dnevnika<\/p>\n<p>Tajska uvaja spremembe, pomembne tudi za slovenske turiste<\/p>\n<p>Tajska vlada je sprejela odlo\u010ditev o ukinitvi splo\u0161nega 60-dnevnega brezvizumskega vstopa za dr\u017eavljane 93 dr\u017eav, ki je veljal od julija 2024 kot ukrep za o\u017eivitev gospodarstva po pandemiji.<\/p>\n<p>Po novem sistemu bodo morali potniki iz ve\u010dine teh dr\u017eav, vklju\u010dno z Veliko Britanijo, ZDA, Avstralijo, Kitajsko in \u010dlanicami Evropske unije,\u00a0zaprositi za vizum, \u010de bodo \u017eeleli v dr\u017eavi ostati dlje od 30 dni.\u00a0<\/p>\n<p>Natan\u010dno trajanje dovoljenega bivanja brez vizuma se bo po novem dolo\u010dalo individualno za vsako dr\u017eavo posebej na podlagi vzajemnih meddr\u017eavnih sporazumov.<\/p>\n<p>    <a class=\"se-card__wrap se-card--link\" href=\"https:\/\/www.dnevnik.si\/nedeljski\/prosti-cas\/magazin\/video-mnozicni-turizem-povsem-iznakazil-najlepsi-zaliv-na-svetu-2803727\/\" data-upscore-url=\"\" rel=\"nofollow noopener\" target=\"_blank\"><\/p>\n<p>        <img decoding=\"async\" class=\"se-image se-image--card\" src=\"https:\/\/www.europesays.com\/si\/wp-content\/uploads\/2026\/05\/Wide-iStock-2251490281-1-400.webp\" alt=\"Beautiful woman in white bikini lounges on the sand at Maya Bay, Thailand, enjoying the sun and stunning tropical views. Great for vacation ads, beachwear promos, and lifestyle campaigns.\"\/><\/p>\n<p>turizem<\/p>\n<p>(VIDEO) Mno\u017ei\u010dni turizem povsem iznakazil najlep\u0161i zaliv na svetu<\/p>\n<p>    <\/a><\/p>\n<p>Ukrep zaradi porasta kriminala<\/p>\n<p>Kot glavna razloga za spremembo politike tajske oblasti navajajo zagotavljanje nacionalne varnosti in poenostavitev prej\u0161njega, po njihovih besedah zavajajo\u010dega vizumskega sistema. Do revizije pravil prihaja po ve\u010d odmevnih aretacijah tujih dr\u017eavljanov v zadnjih mesecih, povezanih s tihotapljenjem drog, trgovino z ljudmi in delom brez ustreznih dovoljenj, je poro\u010dal BBC.<\/p>\n<p>Turizem ostaja bistveni steber tajskega gospodarstva, ki po drasti\u010dnem upadu med pandemijo v zadnjih dveh letih do\u017eivlja ponovno rast, saj je dr\u017eavo v leto\u0161njem letu obiskalo \u017ee skoraj 12 milijonov turistov.<\/p>\n","protected":false},"excerpt":{"rendered":"Tajske oblasti so se odlo\u010dile znatno skraj\u0161ati \u010das, ki ga lahko tujci pre\u017eivijo v dr\u017eavi brez pridobljenega vizuma.&hellip;\n","protected":false},"author":2,"featured_media":102430,"comment_status":"","ping_status":"","sticky":false,"template":"","format":"standard","meta":{"footnotes":"","_share_on_mastodon":"0"},"categories":[8],"tags":[1022,1332,37,38,64,2315,488,29890,63],"class_list":["post-102429","post","type-post","status-publish","format-standard","has-post-thumbnail","category-svet","tag-kriminal","tag-nacionalna-varnost","tag-slovene","tag-slovenscina","tag-svet","tag-tajska","tag-turizem","tag-vizumski-sistem","tag-world"],"share_on_mastodon":{"url":"https:\/\/pubeurope.com\/@si\/116630850628674077","error":""},"_links":{"self":[{"href":"https:\/\/www.europesays.com\/si\/wp-json\/wp\/v2\/posts\/102429","targetHints":{"allow":["GET"]}}],"collection":[{"href":"https:\/\/www.europesays.com\/si\/wp-json\/wp\/v2\/posts"}],"about":[{"href":"https:\/\/www.europesays.com\/si\/wp-json\/wp\/v2\/types\/post"}],"author":[{"embeddable":true,"href":"https:\/\/www.europesays.com\/si\/wp-json\/wp\/v2\/users\/2"}],"replies":[{"embeddable":true,"href":"https:\/\/www.europesays.com\/si\/wp-json\/wp\/v2\/comments?post=102429"}],"version-history":[{"count":0,"href":"https:\/\/www.europesays.com\/si\/wp-json\/wp\/v2\/posts\/102429\/revisions"}],"wp:featuredmedia":[{"embeddable":true,"href":"https:\/\/www.europesays.com\/si\/wp-json\/wp\/v2\/media\/102430"}],"wp:attachment":[{"href":"https:\/\/www.europesays.com\/si\/wp-json\/wp\/v2\/media?parent=102429"}],"wp:term":[{"taxonomy":"category","embeddable":true,"href":"https:\/\/www.europesays.com\/si\/wp-json\/wp\/v2\/categories?post=102429"},{"taxonomy":"post_tag","embeddable":true,"href":"https:\/\/www.europesays.com\/si\/wp-json\/wp\/v2\/tags?post=102429"}],"curies":[{"name":"wp","href":"https:\/\/api.w.org\/{rel}","templated":true}]}}