{"id":103119,"date":"2026-05-25T10:49:09","date_gmt":"2026-05-25T10:49:09","guid":{"rendered":"https:\/\/www.europesays.com\/si\/103119\/"},"modified":"2026-05-25T10:49:09","modified_gmt":"2026-05-25T10:49:09","slug":"raper-akon-ze-vec-kot-desetletje-zivi-v-dubaju-z-vec-zenami","status":"publish","type":"post","link":"https:\/\/www.europesays.com\/si\/103119\/","title":{"rendered":"Raper Akon \u017ee ve\u010d kot desetletje \u017eivi v Dubaju z ve\u010d \u017eenami"},"content":{"rendered":"<p>Glasbenik Akon je v novem intervjuju odkrito spregovoril o svojem zasebnem \u017eivljenju in poliamoriji. Raper, ki zadnja leta \u017eivi precej umaknjeno v Dubaju, je razkril, da ima ve\u010d \u017eena, ter poudaril, da je po njegovem mnenju tak\u0161en na\u010din \u017eivljenja za mo\u0161ke &#8220;naravno vedenje&#8221;.<\/p>\n<p>Raper Akon je v pogovoru za podkast We Need to Talk\u00a0razkril, kako je v zadnjih letih videti njegovo zakonsko \u017eivljenje, ter priznal, da ima ve\u010d \u017eena. \u010ceprav ni \u017eelel razkriti njihovega natan\u010dnega \u0161tevila, je namignil, da jih ima ve\u010d kot predsednik Senegala, ki ima dve \u017eeni. Ob tem je poudaril, da mu dru\u017eina pomeni najve\u010d.<\/p>\n<p>Pojasnil je tudi, da ljudi pri izra\u017eanju ljubezenskih odnosov pogosto omejujejo dru\u017ebena pravila. Po njegovem mnenju mo\u0161ki svoje \u017eelje nadzorujejo predvsem zaradi pravil in pri\u010dakovanj, ki jih prina\u0161a partnerska zveza.<\/p>\n<p>53-letni glasbenik meni, da poliamorija postane te\u017eava \u0161ele takrat, ko \u010dlovek vstopi v resno zvezo in partnerju obljubi zvestobo po dolo\u010denih pravilih. Takrat se po njegovih besedah za\u010dne prilagajanje odnosu in dru\u017ebenim normam.<\/p>\n<p><img decoding=\"async\" alt=\"Akon | Foto: Guliverimage\" class=\"article_content__inline_image js_imageLightbox is-clickable\" data-author=\"Guliverimage\" data-caption=\"\" data-height=\"5073\" data-href=\"https:\/\/siol.net\/media\/img\/ff\/c3\/9b6bad0de72a9c09adda-akon.jpeg\" data-width=\"7605\" loading=\"lazy\" src=\"\/media\/img\/b0\/e1\/a175ddc468a4cbc98d1b-akon.jpeg\" title=\"Akon\"\/><\/p>\n<p> Foto: Guliverimage <\/p>\n<p>Prva \u017eena ima posebno mesto<\/p>\n<p>Raper je priznal tudi, da njegove\u00a0\u017eene nimajo drugih partnerjev. Dodal je, da mora vsak, ki se odlo\u010di za tak\u0161no \u017eivljenje, jasno povedati, kaj mu ustreza in kaj ne, nato pa se vseh pravil tudi dr\u017eati.<\/p>\n<p>Kljub temu je poudaril, da ima prva \u017eena poseben status. Opisal jo je kot kraljico, saj naj bi bila prav ona temelj celotne dru\u017eine in odnosov, ki so sledili. Skupno ima devet otrok; sedem sinov in dve h\u010derki. Pojasnil je, da tak\u0161en odnos lahko deluje le ob jasni komunikaciji in medsebojnem razumevanju vseh vpletenih.<\/p>\n<p>Sicer pa to ni prvi\u010d, da je Akon javno govoril o svojem druga\u010dnem pogledu na dru\u017einske odnose, a tokratne izjave so na dru\u017ebenih omre\u017ejih spro\u017eile \u0161tevilne odzive in razprave o poliamoriji ter sodobnih partnerskih odnosih.<\/p>\n","protected":false},"excerpt":{"rendered":"Glasbenik Akon je v novem intervjuju odkrito spregovoril o svojem zasebnem \u017eivljenju in poliamoriji. Raper, ki zadnja leta&hellip;\n","protected":false},"author":2,"featured_media":103120,"comment_status":"","ping_status":"","sticky":false,"template":"","format":"standard","meta":{"footnotes":"","_share_on_mastodon":"0"},"categories":[18],"tags":[25775,114,2471,30012,62,37,58,60,38,115,1123],"class_list":["post-103119","post","type-post","status-publish","format-standard","has-post-thumbnail","category-zabava","tag-akon","tag-entertainment","tag-odnosi","tag-poliamorija","tag-si","tag-slovene","tag-slovenia","tag-slovenija","tag-slovenscina","tag-zabava","tag-zakon"],"share_on_mastodon":{"url":"https:\/\/pubeurope.com\/@si\/116634829931372709","error":""},"_links":{"self":[{"href":"https:\/\/www.europesays.com\/si\/wp-json\/wp\/v2\/posts\/103119","targetHints":{"allow":["GET"]}}],"collection":[{"href":"https:\/\/www.europesays.com\/si\/wp-json\/wp\/v2\/posts"}],"about":[{"href":"https:\/\/www.europesays.com\/si\/wp-json\/wp\/v2\/types\/post"}],"author":[{"embeddable":true,"href":"https:\/\/www.europesays.com\/si\/wp-json\/wp\/v2\/users\/2"}],"replies":[{"embeddable":true,"href":"https:\/\/www.europesays.com\/si\/wp-json\/wp\/v2\/comments?post=103119"}],"version-history":[{"count":0,"href":"https:\/\/www.europesays.com\/si\/wp-json\/wp\/v2\/posts\/103119\/revisions"}],"wp:featuredmedia":[{"embeddable":true,"href":"https:\/\/www.europesays.com\/si\/wp-json\/wp\/v2\/media\/103120"}],"wp:attachment":[{"href":"https:\/\/www.europesays.com\/si\/wp-json\/wp\/v2\/media?parent=103119"}],"wp:term":[{"taxonomy":"category","embeddable":true,"href":"https:\/\/www.europesays.com\/si\/wp-json\/wp\/v2\/categories?post=103119"},{"taxonomy":"post_tag","embeddable":true,"href":"https:\/\/www.europesays.com\/si\/wp-json\/wp\/v2\/tags?post=103119"}],"curies":[{"name":"wp","href":"https:\/\/api.w.org\/{rel}","templated":true}]}}