{"id":103356,"date":"2026-05-25T14:13:11","date_gmt":"2026-05-25T14:13:11","guid":{"rendered":"https:\/\/www.europesays.com\/si\/103356\/"},"modified":"2026-05-25T14:13:11","modified_gmt":"2026-05-25T14:13:11","slug":"papez-leon-xiv-se-je-opravicil-za-vlogo-cerkve-v-legitimizaciji-suzenjstva","status":"publish","type":"post","link":"https:\/\/www.europesays.com\/si\/103356\/","title":{"rendered":"Pape\u017e Leon XIV. se je opravi\u010dil za vlogo Cerkve v legitimizaciji su\u017eenjstva"},"content":{"rendered":"<p>\t\t\t\t\t\t\t\t<a href=\"https:\/\/www.europesays.com\/si\/wp-content\/uploads\/2026\/05\/67046774.jpg\" itemprop=\"contentUrl\" data-size=\"1200x800\" data-large=\"https:\/\/www.europesays.com\/si\/wp-content\/uploads\/2026\/05\/67046774.jpg\"><br \/>\n\t\t\t\t\t\t\t\t\t<img decoding=\"async\" src=\"https:\/\/www.europesays.com\/si\/wp-content\/uploads\/2026\/05\/67046774.jpg\" title=\"Pape\u017e Leon XIV. med podpisom svoje enciklike Magnifica Humanitas. Foto: Reuters\" alt=\"Pape\u017e Leon XIV. med podpisom svoje enciklike Magnifica Humanitas. Foto: Reuters\"\/><br \/>\n\t\t\t\t\t\t\t\t<\/a><\/p>\n<p>\t\t\t\t\t\t\t\t\tPape\u017e Leon XIV. med podpisom svoje enciklike Magnifica Humanitas. Foto: Reuters<\/p>\n<p>Da Cerkev ves \u010das svojega obstoja ni obsodila su\u017eenjstva &#8220;predstavlja rano v kr\u0161\u010danskem spominu,&#8221; je zapisal.<\/p>\n<p>Oglas<\/p>\n<p>Pretekli pape\u017e so se sicer \u017ee opravi\u010dili za vpletenost kristjanov v transatlantski trgovini s su\u017enji, noben izmed njih pa ni javno priznal, kaj \u0161ele da bi se za to opravi\u010dil, vloge, ki so jo pretekli pape\u017ei sami igrali s tem, ko so evropskim voditeljem podeljevali izrecno pravico do podreditve in zasu\u017enjevanja &#8220;nevernikov&#8221;, poro\u010da Associated Press.<\/p>\n<p>Dru\u017eina Leona XIV., prvega pape\u017ea, rojenega v ZDA, vklju\u010duje tako su\u017enje kot lastnike su\u017enjev. Za vlogo Cerkve v su\u017eenjstvu se je opravi\u010dil v svoji prvi encikliki, imenovani Magnifica Humanitas (Veli\u010dastno \u010dlove\u0161tvo).<\/p>\n<p>Pape\u017e je vpra\u0161anje su\u017eenjstva povezal z osnovno temo enciklike, vse ve\u010djega zana\u0161anja na umetno inteligenco. Omenil je nove oblike su\u017eenjstva in kolonializma, ki ju spodbuja digitalna revolucija, kot je neregulirano delo, ki ga zahteva pridobivanje redkih rudnin, potrebnih za izdelavo \u010dipov za umetno inteligenco.<\/p>\n<p>Z obsodbo in opravi\u010dilom su\u017eenjstva se je pape\u017e odzval na ve\u010ddesetletne pozive temnopoltih ameri\u0161kih katolikov, aktivistov in akademikov, naj se Vatikan odkupi za svojo vlogo v trgovanju z ljudmi v \u010dasu kolonializma.<\/p>\n<p>\t\t\t\t\t\t\t\t\t<a href=\"https:\/\/www.rtvslo.si\/n\/783239\" class=\"image-link image-heading image-container container-16-9\" data-large=\"https:\/\/img.rtvcdn.si\/_up\/upload\/2026\/05\/25\/67046727.jpg\" rel=\"nofollow noopener\" target=\"_blank\"><br \/>\n\t\t\t\t\t\t\t\t\t\t<img decoding=\"async\" src=\"https:\/\/www.europesays.com\/si\/wp-content\/uploads\/2026\/05\/67046727_thumb.jpg\" class=\"image-preview\"\/><br \/>\n\t\t\t\t\t\t\t\t\t<\/a><\/p>\n<p>\t\t\t\t\t\t\t\t\t\tSorodna novica<br \/>\n\t\t\t\t\t\t\t\t\t\t<a href=\"https:\/\/www.rtvslo.si\/n\/783239\" rel=\"nofollow noopener\" target=\"_blank\">Pape\u017e Leon XIV. v svoji prvi encikliki poziva k stro\u017ejemu nadzoru nad umetno inteligenco<\/a><\/p>\n<p>&#8220;Nemogo\u010de je ne \u010dutiti globoke \u017ealosti, ko razmi\u0161lja\u0161 o izjemnem trpljenju in poni\u017eanju, ki ga je tako veliko ljudi trpelo v ostrem nasprotju z njihovim neizmernim dostojanstvom kot ljudi, ki jih Gospod neskon\u010dno ljubi,&#8221; je zapisal pape\u017e. &#8220;Zaradi tega v imenu Cerkve iskreno prosim za odpu\u0161\u010danje,&#8221; je dodal.<\/p>\n<p>Vatikan je evropskim vladarjem dodeljeval pravico do zasu\u017enjevanja<\/p>\n<p>Vatikan je sicer vztrajal, da je vedno spo\u0161toval dostojanstvo vseh ljudi kot otrok Boga, a niz direktiv Vatikana iz 15. stoletja je portugalskim vladarjem dodeljeval pravico do osvajanja Afrike in Amerik ter zasu\u017enjevanja nekristjanov.<\/p>\n<p>Leta 1452 je pape\u017e Nikolaj V. izdal pape\u0161ko bulo Dum Diversas, s katero je portugalskemu kralju in njegovim naslednikom podelil pravico do &#8220;vdora, osvojitve, boja in podreditve&#8221; ter do prevzema vsega premo\u017eenja, vklju\u010dno z zemljo, &#8220;Saracenov, poganov in drugih nevernikov ter sovra\u017enikov v imenu Kristusa&#8221; kjer koli.<\/p>\n<p>Bula je dala Portugalcem dovoljenje, da bi te ljudi spravil v &#8220;trajno su\u017eenjstvo&#8221;.<\/p>\n<p>Ta bula in naslednja, ki je sledila \u010dez tri leta, sta bili osnova Doktrine odkritja, ideje, ki je legitimizirala kolonialne osvojitve zemlje v Afriki in Amerikah.<\/p>\n<p>Dovoljenje, ki ga je Portugalcem podal pape\u017e Nikolaj V., so pozneje potrdili oziroma obnovili pape\u017e Kalist III. leta 1456, Pape\u017e Sikst IV. leta 1481 in pape\u017e Leon X. leta 1514, pravi jezuitski duhovnik in avtor knjige o zgodovini su\u017eenjstva in odprave su\u017eenjstva v katoli\u0161ki Cerkvi Cristopher J. Kellerman.<\/p>\n<p>\u0160panski kralji so medtem pravice dobili za Ameriki.<\/p>\n<p>Leta 2023 je Vatikan uradno zavrnil Doktrino odkritja, ni pa uradno razveljavil, se odpovedal, ali zavrnil samih bul. Vatikan vztraja, da je kasnej\u0161a bula iz leta 1537 potrdila, da avtohtonim prebivalcem ne bi smela biti odvzeta svoboda ali lastni\u0161tvo premo\u017eenja in da se jih ne sme zasu\u017enjiti.<\/p>\n<p>V svoji encikliki je pape\u017e Leon XIV. spomnil, da je bil pape\u017e Leon XIII. prvi pape\u017e, ki je izrecno obsodil su\u017eenjstvo leta 1888, \u010deprav je to storil dolgo po tem, ko so \u0161tevilne dr\u017eave su\u017eenjstvo \u017ee odpravile. Pred tem, tudi v srednjem veku, so imeli tudi cerkvene institucije svoje su\u017enje.<\/p>\n<p>Leta 1985 je takratni pape\u017e Janez Pavel II. prosil Afri\u010dane za odpu\u0161\u010danje zaradi trgovine s su\u017enji v imenu kristjanov, ki so v njej sodelovali, ni pa prosil odpu\u0161\u010danja tudi zaradi vloge pape\u017eev v trgovini z ljudmi.<\/p>\n<p>Oglas<\/p>\n","protected":false},"excerpt":{"rendered":"Pape\u017e Leon XIV. med podpisom svoje enciklike Magnifica Humanitas. Foto: Reuters Da Cerkev ves \u010das svojega obstoja ni&hellip;\n","protected":false},"author":2,"featured_media":103357,"comment_status":"","ping_status":"","sticky":false,"template":"","format":"standard","meta":{"footnotes":"","_share_on_mastodon":"0"},"categories":[3],"tags":[234,65,66,11767,5095,37,38,13862],"class_list":["post-103356","post","type-post","status-publish","format-standard","has-post-thumbnail","category-evropa","tag-cerkev","tag-europe","tag-evropa","tag-opravicilo","tag-papez-leon-xiv","tag-slovene","tag-slovenscina","tag-suzenjstvo"],"share_on_mastodon":{"url":"https:\/\/pubeurope.com\/@si\/116635632001951522","error":""},"_links":{"self":[{"href":"https:\/\/www.europesays.com\/si\/wp-json\/wp\/v2\/posts\/103356","targetHints":{"allow":["GET"]}}],"collection":[{"href":"https:\/\/www.europesays.com\/si\/wp-json\/wp\/v2\/posts"}],"about":[{"href":"https:\/\/www.europesays.com\/si\/wp-json\/wp\/v2\/types\/post"}],"author":[{"embeddable":true,"href":"https:\/\/www.europesays.com\/si\/wp-json\/wp\/v2\/users\/2"}],"replies":[{"embeddable":true,"href":"https:\/\/www.europesays.com\/si\/wp-json\/wp\/v2\/comments?post=103356"}],"version-history":[{"count":0,"href":"https:\/\/www.europesays.com\/si\/wp-json\/wp\/v2\/posts\/103356\/revisions"}],"wp:featuredmedia":[{"embeddable":true,"href":"https:\/\/www.europesays.com\/si\/wp-json\/wp\/v2\/media\/103357"}],"wp:attachment":[{"href":"https:\/\/www.europesays.com\/si\/wp-json\/wp\/v2\/media?parent=103356"}],"wp:term":[{"taxonomy":"category","embeddable":true,"href":"https:\/\/www.europesays.com\/si\/wp-json\/wp\/v2\/categories?post=103356"},{"taxonomy":"post_tag","embeddable":true,"href":"https:\/\/www.europesays.com\/si\/wp-json\/wp\/v2\/tags?post=103356"}],"curies":[{"name":"wp","href":"https:\/\/api.w.org\/{rel}","templated":true}]}}