{"id":106406,"date":"2026-05-27T19:05:08","date_gmt":"2026-05-27T19:05:08","guid":{"rendered":"https:\/\/www.europesays.com\/si\/106406\/"},"modified":"2026-05-27T19:05:08","modified_gmt":"2026-05-27T19:05:08","slug":"ziga-lin-hocevar-zjutraj-na-maturi-opoldne-na-tekmi-v-tacnu","status":"publish","type":"post","link":"https:\/\/www.europesays.com\/si\/106406\/","title":{"rendered":"\u017diga Lin Ho\u010devar zjutraj na maturi, opoldne na tekmi v Tacnu"},"content":{"rendered":"<p>    <img decoding=\"async\" data-lb-desktop=\"\/media\/2026\/05\/27\/833521\/Orig-A33A9935-1200.webp\" data-lb-mobile=\"\/media\/2026\/05\/27\/833521\/Orig-A33A9935-600.webp\" class=\"main-gallery-image se_image_lb\" src=\"https:\/\/www.europesays.com\/si\/wp-content\/uploads\/2026\/05\/Wide-A33A9935-1000.webp\" alt=\"27.05.2026. Tiskovna konferenca pred tekmo Svetovnega pokala kajak kanu Tacen. Foto: Bojan Velikonja\"\/><\/p>\n<p>V slovenski reprezentanci je 13 tekmovalcev in tekmovalk, ki bodo nastopili v 18 \u010dolnih. Nekateri bodo namre\u010d tekmovali v treh ali dveh disciplinah.\u00a0\u00a0Foto: Bojan Velikonja<\/p>\n<p>\u017diga Lin Ho\u010devar zjutraj na maturi, opoldne na tekmi v Tacnu<\/p>\n<p>Nova sezona svetovnega pokala kajaka\u0161ev in kanuistov na divjih vodah v slalomu se bo za\u010dela konec tedna na brzicah Save v Tacnu. V slovenski reprezentanci bo najbolj na trnih \u017diga Lin Ho\u010devar, saj bo tekmoval in opravljal maturo.<\/p>\n<p>Slovenska reprezentanca v kajaku in kanuju na divjih vodah optimisti\u010dno pri\u010dakuje za\u010detek nove sezone svetovnega pokala v slalomu v Tacnu, kjer je bilo v sredo \u0161e pravo delovi\u0161\u010de z veliko ropota. Da se je slovenska reprezentanca predstavila medijem, so za pol ure celo ugasnili stroje, da smo se sploh lahko pogovarjali. V konkurenci 30 dr\u017eav stavijo na prednost doma\u010de proge, ki je letos zaradi nizkega vodostaja Save nekoliko kraj\u0161a. V organizacijo je vpetih okrog 150 ljudi, med njimi so tudi \u010dlani ekipe za spust, ki je minuli teden na svetovnem prvenstvu v Banjaluki osvojila kar \u0161tiri zlate kolajne.<\/p>\n<p>Kapetan je\u00a042-letni Peter Kauzer<\/p>\n<p>Kapetan slovenske reprezentance je 42-letni kajaka\u0161 Peter Kauzer, ki je imel letos veliko dela, da se je prebil v ekipo, potem ko je za tretje mesto v reprezentanci bil tesen boj z \u017digo Linom Ho\u010devarjem. \u00bbNe skrivam, da sem bil nervozen pred izbirnimi tekmami, potem ko po petih letih nisem bil vnaprej uvr\u0161\u010den v reprezentanco. Izku\u0161nje so prednost, da sem napetost obrnil v svojo korist, obenem pa je bil pritisk dobrodo\u0161el, da ni vse enostavno. V pripravah sem naredil vse, kar sem na\u010drtoval,\u00ab je povedal Peter Kauzer.<\/p>\n<p>Vrhunci ga \u010dakajo v drugem delu sezone s svetovnim prvenstvom julija v Oklahomi v ZDA, kjer bodo leta 2028 boji za olimpijske kolajne, in evropskim konec septembra v Ivrei\u00a0v Italiji. \u00bbVrhunci \u0161ele v drugem delu sezone so zame dobrodo\u0161li, saj sem obi\u010dajno dvigoval formo in vo\u017enje. Tacen je posebna tekma, ker je doma,\u00a0tukaj sem pred 21 leti osvojil prvo kolajno na \u010dlanskih prvenstvih. Vesel sem, da sem konkuren\u010den, se pa v Tacnu voda stalno spreminja. Najbolj pomembno je, da se dobro po\u010dutim. Sam sebi sem najve\u010dji kritik in v Tacnu bom najbolj zadovoljen, \u010de bom imel po prihodu v cilj \u010dim manj pripomb k svoji vo\u017enji. Ob tak\u0161nem razpletu bo tudi rezultat vrhunski,\u00ab je dodal Kauzer. Posebej je opozoril, da ima Slovenija doma veliko slab\u0161e pogoje za treninge kot druge reprezentance. Upa, da se bodi stvari spremenile vsaj za nove generacije, da bo Slovenija kon\u010dno dobila moderno progo.<\/p>\n<p>\u00a0<\/p>\n<p>Slovenske reprezentance za svetovni pokal<\/p>\n<p>K-1 mo\u0161ki: Martin Srabotnik, Lan Tominc, Peter Kauzer, K-1 \u017eenske: Eva Alina Ho\u010devar, Lea Novak, Eva Ter\u010delj, C-1 mo\u0161ki: \u017diga Lin Ho\u010devar, Luka Bo\u017ei\u010d, Benjamin Sav\u0161ek, C-1 \u017eenske: Eva Alina Ho\u010devar, Lea Novak, Alja Kozorog, kajaka\u0161ki kros, \u017eenske: Eva Alina Ho\u010devar, Lea Novak, Naja Pintari\u010d, mo\u0161ki: \u017diga Lin Ho\u010devar, Jakob \u0160avli, Jernej Kramer.<\/p>\n<p>\u00a0<\/p>\n<p>Ho\u010devar zaradi te\u017eav s koleni te\u017eko kle\u010di v kanuju<\/p>\n<p>Potem ko se 18-letni \u017diga Lin Ho\u010devar ni uvrstil v reprezentanco v kajaku, bo tekmoval v kanuju in kajaka\u0161kem krosu. \u00bbMoja primarna disciplina je vedno bila in bo kanu. Tudi v kajaku bi bil rad neko\u010d svetovni prvak, vendar v njem veliko veslam tudi zato, ker zaradi te\u017eav s koleni ne morem ve\u010d kot \u0161tirikrat na teden kle\u010dati v kanuju. Za uvodno tekmo sezone si \u017eelim, da bi pokazal vse tisto, kar sem delal pozimi. Vem, \u010desa sem sposoben, a proga v Tacnu ima veliko pasti. Sem pripravljen, na treningih dobro veslam in sem samozavesten, saj so nekatere vo\u017enje najbolj\u0161e doslej,\u00ab so besede kar vrele iz \u017diga Lina Ho\u010devarja, ki ga \u010daka \u0161e poseben izziv.<\/p>\n<p>V petek ga \u010daka pisanje mature iz sloven\u0161\u010dine in v soboto iz angle\u0161\u010dine. Najnapornej\u0161a bo sobota, ko se ob 8.20 za\u010dne matura in upa, da bo uro in pol pred za\u010detkom kvalifikacij ob 12.15 vendarle v Tacnu, kar pomeni, da bo moral prilagoditi svoj na\u010din priprave in ogrevanja. Minule dni je pozorno spremljal nastope Slovenije na svetovnem prvenstvu v hokeju na ledu v \u0160vici, saj ga je neko\u010d sam treniral in bil obetaven vratar v Olimpiji. Iz njegove hokejske generacije je bil letos v reprezentanci branilec Jan Goli\u010di\u010d. \u00bbSpomin se, da sem se kot otrok, ko sem bil vratar, na eni izmed tekem z njim stepel,\u00ab je pripomnil Ho\u010devar, ki u\u017eiva v komunikaciji z mediji.<\/p>\n<p>\u00a0<\/p>\n<p>Spored svetovnega pokala v Tacnu<\/p>\n<p>Petek, 29. maj: 11.45: kvalifikacije K-1 mo\u0161ki, 13.20: kvalifikacije K-1 \u017eenske, 15.30: finale K-1 mo\u0161ki in \u017eenske.<\/p>\n<p>Sobota, 30. maj: 11.15: kvalifikacije C-1 \u017eenske, 12.15: kvalifikacije C-1 mo\u0161ki, 14.30: finale C 1 \u017eenske in mo\u0161ki.<\/p>\n<p>Nedelja, 31, maj: 9.45: kajaka\u0161ki kros posamezno, 13.55: kajaka\u0161ki kros \u2013 tekme na izpadanje.<\/p>\n<p>Eva Alina Ho\u010devar pod pritiskom zaradi dveh lanskih kolajn<\/p>\n<p>V \u017eenski reprezentanci je prvo ime 24-letna Eva Alina Ho\u010devar, ki bo tekmovala v vseh treh disciplinah. Najbolj samozavestna je v kanuju, v kajaku je zelo napredovala, medtem ko v krosu \u0161e malo zaostaja. S trdim delom je nadomestila zaostanek v treningu, potem ko si lani jeseni ob padcu s kolesom po\u0161kodovala zapestje.<\/p>\n<p>\u00bbTemelje za sezono sem postavila v Avstraliji, kjer smo kakovostno in veliko trenirali, v\u010dasih tudi trikrat na dan. Na vseh dosedanjih tekmah mi je \u0161lo zelo dobro, saj sem bila vsaj enkrat na stopni\u010dkah na vsakem prizori\u0161\u010du, na katerem sem nastopila. To je \u0161e dvignilo mojo samozavest,\u00ab je razlagala Eva Alina Ho\u010devar, ki \u017ee \u010duti pritisk doma\u010de tekme, potem ko je lani v Tacnu dvakrat zasedla drugo mesto v kajaku in krosu.<\/p>\n<p>\u00bbNe bom skrivala, da je cilj uvrstitev na stopni\u010dke. Vem, da sem tega sposobna. Proga mi ustreza, \u017eelim pa si tehni\u010dno zahtevno postavitev. Dalj\u0161a ko\u00a0je proga, la\u017eje uveljavim svoja aduta, ki sta zbranost in dobra telesna pripravljenost,\u00ab je dodala Ho\u010devarjeva. Tako kot pred vsako tekmo bo o\u010de Simon, ki je njen trener, poskrbel, da se bo umirila, in jo opomnil, da v Tacnu zna veslati.<\/p>\n<p>\u00a0<\/p>\n","protected":false},"excerpt":{"rendered":"V slovenski reprezentanci je 13 tekmovalcev in tekmovalk, ki bodo nastopili v 18 \u010dolnih. Nekateri bodo namre\u010d tekmovali&hellip;\n","protected":false},"author":2,"featured_media":106407,"comment_status":"","ping_status":"","sticky":false,"template":"","format":"standard","meta":{"footnotes":"","_share_on_mastodon":"0"},"categories":[21],"tags":[30762,30761,124,25864,62,37,58,60,38,4217,7513,13555],"class_list":["post-106406","post","type-post","status-publish","format-standard","has-post-thumbnail","category-ljubljana","tag-eva-alina-hocevar","tag-kajak-in-kanu-na-divjih-viodah","tag-ljubljana","tag-peter-kauzer","tag-si","tag-slovene","tag-slovenia","tag-slovenija","tag-slovenscina","tag-svetovni-pokal","tag-tacen","tag-ziga-lin-hocevar"],"share_on_mastodon":{"url":"https:\/\/pubeurope.com\/@si\/116648105110103180","error":""},"_links":{"self":[{"href":"https:\/\/www.europesays.com\/si\/wp-json\/wp\/v2\/posts\/106406","targetHints":{"allow":["GET"]}}],"collection":[{"href":"https:\/\/www.europesays.com\/si\/wp-json\/wp\/v2\/posts"}],"about":[{"href":"https:\/\/www.europesays.com\/si\/wp-json\/wp\/v2\/types\/post"}],"author":[{"embeddable":true,"href":"https:\/\/www.europesays.com\/si\/wp-json\/wp\/v2\/users\/2"}],"replies":[{"embeddable":true,"href":"https:\/\/www.europesays.com\/si\/wp-json\/wp\/v2\/comments?post=106406"}],"version-history":[{"count":0,"href":"https:\/\/www.europesays.com\/si\/wp-json\/wp\/v2\/posts\/106406\/revisions"}],"wp:featuredmedia":[{"embeddable":true,"href":"https:\/\/www.europesays.com\/si\/wp-json\/wp\/v2\/media\/106407"}],"wp:attachment":[{"href":"https:\/\/www.europesays.com\/si\/wp-json\/wp\/v2\/media?parent=106406"}],"wp:term":[{"taxonomy":"category","embeddable":true,"href":"https:\/\/www.europesays.com\/si\/wp-json\/wp\/v2\/categories?post=106406"},{"taxonomy":"post_tag","embeddable":true,"href":"https:\/\/www.europesays.com\/si\/wp-json\/wp\/v2\/tags?post=106406"}],"curies":[{"name":"wp","href":"https:\/\/api.w.org\/{rel}","templated":true}]}}