{"id":106470,"date":"2026-05-27T20:05:09","date_gmt":"2026-05-27T20:05:09","guid":{"rendered":"https:\/\/www.europesays.com\/si\/106470\/"},"modified":"2026-05-27T20:05:09","modified_gmt":"2026-05-27T20:05:09","slug":"umetni-materiali-stanovanje-ze-v-nekaj-minutah-spremenijo-v-baklo","status":"publish","type":"post","link":"https:\/\/www.europesays.com\/si\/106470\/","title":{"rendered":"Umetni materiali stanovanje \u017ee v nekaj minutah spremenijo v baklo"},"content":{"rendered":"<p>    <img decoding=\"async\" data-lb-desktop=\"\/media\/2026\/05\/27\/833440\/Orig-ogenj1-1200.webp\" data-lb-mobile=\"\/media\/2026\/05\/27\/833440\/Orig-ogenj1-600.webp\" class=\"main-gallery-image se_image_lb\" src=\"https:\/\/www.europesays.com\/si\/wp-content\/uploads\/2026\/05\/Wide-ogenj1-1000.webp\" alt=\"\u010ce v gore\u010do posodo vlijemo vodo, povzro\u010dimo, da se majhne gore\u010de kapljice olja razpr\u0161ijo po celotnem prostoru.\"\/><\/p>\n<p>Ljudje so imeli v primeru po\u017eara v\u010dasih ve\u010d kot 15 minut \u010dasa za evakuacijo, danes pa se lahko zgodi, da se stanovanje \u017ee po nekaj minutah mo\u010dno zadimi in\u00a0nato spremeni v gore\u010do baklo. Fotografija je simboli\u010dna. Foto: iStock<\/p>\n<p>Umetni materiali stanovanje \u017ee v nekaj minutah spremenijo v baklo<\/p>\n<p>Ne le v primerih prve pomo\u010di ob hudih po\u0161kodbah, kapeh in drugih zdravstvenih zapletih, tudi pri posredovanjih ob po\u017earih \u0161teje vsaka minuta. \u0160e posebej v dana\u0161njem \u010dasu, ko so stanovanja polna predmetov iz umetnih materialov.<\/p>\n<p>Kot razlaga svetovalec za preventivo v Gasilski brigadi Ljubljana Bla\u017e \u017didanek, so imeli ljudje v\u010dasih ve\u010d kot 15 minut \u010dasa za evakuacijo, danes pa se lahko zgodi, da se stanovanje \u017ee \u00a0po nekaj minutah mo\u010dno zadimi in\u00a0nato spremeni v gore\u010do baklo. Pri tem igrajo klju\u010dno vlogo materiali, kar nazorno ka\u017ee tudi primerjava gorenja prostora z naravnimi materiali in gorenja prostora z umetnimi, sinteti\u010dnimi materiali. Najbolj problemati\u010dne so predelane mase in plastika\u00a0na osnovi nafte ter\u00a0sintetike.<\/p>\n<p>Odla\u0161anje, podcenjevanje in hobi novinarstvo<\/p>\n<p>Zato je v dana\u0161njem \u010dasu hiter odziv \u0161e toliko bolj klju\u010den, kljub temu pa svetovalec za javno gasilsko slu\u017ebo pri ljubljanski brigadi\u00a0Robert Okorn opa\u017ea, da ljudje delajo tri pogoste napake, ko so soo\u010deni z nevarno situacijo. Marsikdo namre\u010d odla\u0161a s klicem na 112 in \u017eeli najprej po\u010dakati ter preveriti, ali je situacija res tako nevarna, da terja aktivacijo gasilcev. \u0160tevilni posku\u0161ajo prostore najprej prezra\u010diti (kar po\u017ear zaradi dovoda sve\u017eega zraka samo \u0161e pospe\u0161i), poiskati svoje dokumente\u00a0ali pa, v primerih, ko ne gori ravno njihovo stanovanje, sklepajo, da je tako ali tako gasilce \u017ee poklical nekdo drug.<\/p>\n<p>    <a class=\"se-card__wrap se-card--link\" href=\"https:\/\/www.dnevnik.si\/nedeljski\/prosti-cas\/svet-vozil\/pozar-pri-elektricnih-avtomobilih-senzacionalizem-ni-na-mestu-2706141\/\" data-upscore-url=\"\" rel=\"nofollow noopener\" target=\"_blank\"><\/p>\n<p>        <img decoding=\"async\" class=\"se-image se-image--card\" src=\"https:\/\/www.europesays.com\/si\/wp-content\/uploads\/2026\/05\/Wide-3-884888-400.webp\" alt=\"Elektri\u010dni avto zagori redkeje kot klasi\u010dno gnani, pa \u010deprav se v javnosti ustvarja mnenje, da je obratno. Foto: Primo\u017e Knez\"\/><\/p>\n<p>Avtomobilizem<\/p>\n<p>Po\u017ear pri elektri\u010dnih vozilih: Senzacionalizem ni na mestu<\/p>\n<p>    <\/a><\/p>\n<p>Druga pomembna napaka je podcenjevanje dima, ki se za\u010dne spro\u0161\u010dati \u017ee v prvi fazi po\u017eara. \u00bb\u010ceprav ve\u010dina ljudi najve\u010djo nevarnost \u0161e vedno povezuje s plameni, gasilci opozarjamo, da dim pogosto ubija hitreje kot ogenj. V zadimljenem prostoru \u010dlovek hitro izgubi orientacijo, sposobnost pravilnega odlo\u010danja in mo\u017enost za varen umik,\u00ab\u00a0opozarja Okorn.<\/p>\n<p>Ker ima danes vsakdo v \u017eepu mobilni pametni telefon s fotoaparatom in kamero, tudi v ljubljanski gasilski brigadi opa\u017eajo pojav \u00bbhobi novinarjev\u00ab, ko ljudje na kraju vestno dokumentirajo dogajanje, \u010deprav bi bilo precej pametneje, da bi dali prostor re\u0161evalcem in se umaknili na varno.<\/p>\n<p>Elektronsko-baterijske pasti<\/p>\n<p>Tudi doma se po ocenah gasilcev ljudje v\u010dasih premalo zavedamo vseh nevarnosti, ki jih predstavljajo elektri\u010dne in baterijske naprave. Da \u0161tedilnikov, pe\u010dic, pralnih, su\u0161ilnih in pomivalnih strojev ne smemo pu\u0161\u010dati brez nadzora, nas opozarjajo \u017ee od nekdaj, klju\u010dno pa je, da imamo proste evakuacijske poti, kar ni tako samoumevno.<\/p>\n<p>V stanovanjih marsikdo svoj elektri\u010dni skiro polni v predsobi, pri tem pa ne pomisli, da je s tem prav pred svoj edini izhod iz stanovanja namestil potencialen ognjemet. Zaradi napak oziroma okvar litij-ionskih baterij se po\u017ear izjemno hitro razvije, \u010de tak\u0161na naprava blokira in onemogo\u010da varen umik, pa stanovanje spremeni v ognjeno past.\u00a0<\/p>\n","protected":false},"excerpt":{"rendered":"Ljudje so imeli v primeru po\u017eara v\u010dasih ve\u010d kot 15 minut \u010dasa za evakuacijo, danes pa se lahko&hellip;\n","protected":false},"author":2,"featured_media":106471,"comment_status":"","ping_status":"","sticky":false,"template":"","format":"standard","meta":{"footnotes":"","_share_on_mastodon":"0"},"categories":[21],"tags":[30772,9667,124,2729,760,30773,62,37,58,60,38],"class_list":["post-106470","post","type-post","status-publish","format-standard","has-post-thumbnail","category-ljubljana","tag-blaz-zidanek","tag-gasilska-brigada-ljubljana","tag-ljubljana","tag-ogenj","tag-pozar","tag-robert-okorn","tag-si","tag-slovene","tag-slovenia","tag-slovenija","tag-slovenscina"],"share_on_mastodon":{"url":"https:\/\/pubeurope.com\/@si\/116648340778067835","error":""},"_links":{"self":[{"href":"https:\/\/www.europesays.com\/si\/wp-json\/wp\/v2\/posts\/106470","targetHints":{"allow":["GET"]}}],"collection":[{"href":"https:\/\/www.europesays.com\/si\/wp-json\/wp\/v2\/posts"}],"about":[{"href":"https:\/\/www.europesays.com\/si\/wp-json\/wp\/v2\/types\/post"}],"author":[{"embeddable":true,"href":"https:\/\/www.europesays.com\/si\/wp-json\/wp\/v2\/users\/2"}],"replies":[{"embeddable":true,"href":"https:\/\/www.europesays.com\/si\/wp-json\/wp\/v2\/comments?post=106470"}],"version-history":[{"count":0,"href":"https:\/\/www.europesays.com\/si\/wp-json\/wp\/v2\/posts\/106470\/revisions"}],"wp:featuredmedia":[{"embeddable":true,"href":"https:\/\/www.europesays.com\/si\/wp-json\/wp\/v2\/media\/106471"}],"wp:attachment":[{"href":"https:\/\/www.europesays.com\/si\/wp-json\/wp\/v2\/media?parent=106470"}],"wp:term":[{"taxonomy":"category","embeddable":true,"href":"https:\/\/www.europesays.com\/si\/wp-json\/wp\/v2\/categories?post=106470"},{"taxonomy":"post_tag","embeddable":true,"href":"https:\/\/www.europesays.com\/si\/wp-json\/wp\/v2\/tags?post=106470"}],"curies":[{"name":"wp","href":"https:\/\/api.w.org\/{rel}","templated":true}]}}