{"id":106629,"date":"2026-05-27T23:08:07","date_gmt":"2026-05-27T23:08:07","guid":{"rendered":"https:\/\/www.europesays.com\/si\/106629\/"},"modified":"2026-05-27T23:08:07","modified_gmt":"2026-05-27T23:08:07","slug":"po-seriji-razocaranj-jeremy-seewer-zapusca-ducati","status":"publish","type":"post","link":"https:\/\/www.europesays.com\/si\/106629\/","title":{"rendered":"Po seriji razo\u010daranj Jeremy Seewer zapu\u0161\u010da Ducati"},"content":{"rendered":"<p>Jeremy Seewer, kar petkratni svetovni podprvak v motokrosu (dvakrat v MX2 in trikrat v MXGP), po \u0161esti dirki leto\u0161njega prvenstva MXGP zapu\u0161\u010da Ducatijevo tovarni\u0161ko ekipo. Po vse slab\u0161ih rezultatih je pri\u0161lo do sporazumne prekinitve pogodbe. Zamenjave zanj ne bodo iskali. Kje, \u010de sploh, bo \u0160vicar nadaljeval kariero, za zdaj ni znano.<\/p>\n<p><img decoding=\"async\" alt=\"Ko je Jeremy Seewer \u0161e dirkal z Yamaho, je dosegel tudi nekaj zmag in se s Timom Gajserjem boril za naslov svetovnega prvaka. | Foto: AP \/ Guliverimage\" class=\"article_content__inline_image js_imageLightbox is-clickable\" data-author=\"AP \/ Guliverimage\" data-caption=\"Ko je Jeremy Seewer \u0161e dirkal z Yamaho, je dosegel tudi nekaj zmag in se s Timom Gajserjem boril za naslov svetovnega prvaka.\" data-height=\"2731\" data-href=\"https:\/\/siol.net\/media\/img\/e6\/97\/1b05e990cdfe6a7c0e21-jeremy-seewer-yamaha-trentino.jpeg\" data-width=\"4096\" loading=\"lazy\" src=\"\/media\/img\/e8\/13\/4eacfdc1575752c21a1a-jeremy-seewer-yamaha-trentino.jpeg\" title=\"Jeremy Seewer Yamaha Trentino\"\/><\/p>\n<p> Ko je Jeremy Seewer \u0161e dirkal z Yamaho, je dosegel tudi nekaj zmag in se s Timom Gajserjem boril za naslov svetovnega prvaka.<br \/>\n Foto: AP \/ Guliverimage <\/p>\n<p>Jeremy Seewer je na zadnji dirki v Franciji osvojil skromnih pet to\u010dk in kon\u010dal na 19. mestu. In to s tovarni\u0161kim motorjem znamke Ducati. Po \u0161estih leto\u0161njih dirkah je v skupnem se\u0161tevku na skromnem 22. mestu (34 to\u010dk). Ko je Ducati pred dvema letoma za\u010del svoj\u00a0projekt\u00a0v svetovnem prvenstvu MXGP, je izku\u0161eni \u0160vicar veljal za njihovega prvega aduta (pred leti je bil z Yamaho trikrat svetovni podprvak v MXGP). A motor \u0161e ni dovolj konkuren\u010den, Seewer pa se na njem ni zna\u0161el najbolje (podobno kot prej\u00a0na Kawasakiju). Lansko prvenstvo je kon\u010dal na 10. mestu, letos pa je ostal v senci Calvina Vlaanderna, ki je trenutno deseti\u00a0(126 to\u010dk). Tretji Ducatijev voznik,\u00a0Andrea Bonacorsi, je po po\u0161kodbi odpeljal \u0161ele dve dirki in bil v nedeljo v Franciji osmi (22 to\u010dk).<\/p>\n<p>Vseeno tri dni po VN Francije prihaja nekoliko presenetljiva novica, da Seewer zapu\u0161\u010da ekipo. &#8220;Ducati in Jeremy Seewer sporo\u010dava, da smo s tem trenutkom sporazumno prekinili pogodbo o sodelovanju med ekipo in dirka\u010dem. Ducatijeva tovarni\u0161ka ekipa bo svetovno prvenstvo MXGP nadaljevala z Andreo Bonacorsijem in Calvinom Vlaandernom,&#8221; so zapisali v skromnem sporo\u010dilu za javnost. &#8220;Ducati se zahvaljuje Jeremyju. Skupaj smo lani dvakrat osvojili stopni\u010dke, tretji smo bili v \u0160vici in Franciji. \u017delimo mu vse najbolj\u0161e v nadaljevanju kariere.&#8221;<\/p>\n","protected":false},"excerpt":{"rendered":"Jeremy Seewer, kar petkratni svetovni podprvak v motokrosu (dvakrat v MX2 in trikrat v MXGP), po \u0161esti dirki&hellip;\n","protected":false},"author":2,"featured_media":106630,"comment_status":"","ping_status":"","sticky":false,"template":"","format":"standard","meta":{"footnotes":"","_share_on_mastodon":"0"},"categories":[16],"tags":[3895,30813,5059,5060,62,37,58,60,38,94,93,5062],"class_list":["post-106629","post","type-post","status-publish","format-standard","has-post-thumbnail","category-sport","tag-ducati","tag-jeremy-seewer","tag-motokros","tag-mxgp","tag-si","tag-slovene","tag-slovenia","tag-slovenija","tag-slovenscina","tag-sport","tag-sports","tag-yamaha"],"share_on_mastodon":{"url":"https:\/\/pubeurope.com\/@si\/116649060437160274","error":""},"_links":{"self":[{"href":"https:\/\/www.europesays.com\/si\/wp-json\/wp\/v2\/posts\/106629","targetHints":{"allow":["GET"]}}],"collection":[{"href":"https:\/\/www.europesays.com\/si\/wp-json\/wp\/v2\/posts"}],"about":[{"href":"https:\/\/www.europesays.com\/si\/wp-json\/wp\/v2\/types\/post"}],"author":[{"embeddable":true,"href":"https:\/\/www.europesays.com\/si\/wp-json\/wp\/v2\/users\/2"}],"replies":[{"embeddable":true,"href":"https:\/\/www.europesays.com\/si\/wp-json\/wp\/v2\/comments?post=106629"}],"version-history":[{"count":0,"href":"https:\/\/www.europesays.com\/si\/wp-json\/wp\/v2\/posts\/106629\/revisions"}],"wp:featuredmedia":[{"embeddable":true,"href":"https:\/\/www.europesays.com\/si\/wp-json\/wp\/v2\/media\/106630"}],"wp:attachment":[{"href":"https:\/\/www.europesays.com\/si\/wp-json\/wp\/v2\/media?parent=106629"}],"wp:term":[{"taxonomy":"category","embeddable":true,"href":"https:\/\/www.europesays.com\/si\/wp-json\/wp\/v2\/categories?post=106629"},{"taxonomy":"post_tag","embeddable":true,"href":"https:\/\/www.europesays.com\/si\/wp-json\/wp\/v2\/tags?post=106629"}],"curies":[{"name":"wp","href":"https:\/\/api.w.org\/{rel}","templated":true}]}}