{"id":106987,"date":"2026-05-28T07:29:10","date_gmt":"2026-05-28T07:29:10","guid":{"rendered":"https:\/\/www.europesays.com\/si\/106987\/"},"modified":"2026-05-28T07:29:10","modified_gmt":"2026-05-28T07:29:10","slug":"z-mature-bo-nas-veslaski-as-hitel-naravnost-na-tekmo","status":"publish","type":"post","link":"https:\/\/www.europesays.com\/si\/106987\/","title":{"rendered":"Z mature bo na\u0161 vesla\u0161ki as hitel naravnost na tekmo"},"content":{"rendered":"<p>V Tacnu oziroma na Brodu, kakor trdijo lokalni prebivalci, je \u017ee bolj ali manj vse nared za uvodno leto\u0161nje tekmovanje za svetovni pokal v slalomu na divjih vodah. Kot vselej bodo pred svojimi navija\u010di na savskih brzicah od jutri do nedelje znova visoko merili tudi slovenski asi z najizku\u0161enej\u0161ima kajaka\u0161em Petrom Kauzerjem in kanuistom Benjaminom Sav\u0161kom na \u010delu.<\/p>\n<p><img decoding=\"async\" class=\"article__img-tag-visible\" src=\"https:\/\/www.europesays.com\/si\/wp-content\/uploads\/2026\/05\/3080516.width-660.format-webp.webp\" alt=\"Peter Kauzer je pri dobrih 42 letih najizku\u0161enej\u0161i slovenski kajaka\u0161. FOTO: Dejan Javornik\" img_id=\"11569871\" data-img-id=\"11569871\"\/><\/p>\n<p>Peter Kauzer je pri dobrih 42 letih najizku\u0161enej\u0161i slovenski kajaka\u0161. FOTO: Dejan Javornik<\/p>\n<p>\u00bbKer po petih sezonah nisem bil vnaprej uvr\u0161\u010den v kajaka\u0161ko reprezentanco, sem si moral spet priboriti mesto v njej. To mi je tudi uspelo, tako da sem zadovoljen,\u00ab je uvodoma poudaril Kauzer, ki se lahko pri dobrih 42 letih \u0161e zmeraj enakovredno kosa z veliko mlaj\u0161imi tekmeci. \u0160e ve\u010d; \u0161e vedno jih tudi premaguje. Kljub bogatim izku\u0161njam, ki si jih je nabral na dolgi in uspe\u0161ni \u0161portni poti, na tekmah \u0161e zmeraj \u010duti tudi tremo. \u00bbZ leti se je glede \u017eiv\u010dnosti spremenilo le to, da sem se medtem navadil nanjo in jo posku\u0161am obrniti sebi v prid,\u00ab je pojasnil dolgoletni slovenski reprezentant. \u017de zaradi tega, ker je tacenska preizku\u0161nja doma\u010da, je zanj vsaki\u010d znova posebna. \u00bbNa koncu koncev sem tu osvojil tudi svojo prvo kolajno na \u010dlanskih prvenstvih (leta 2005 si je priveslal drugo mesto na EP, z ekipo pa se je veselil zlate lovorike \u2013 op. p.), od katere mineva \u017ee 21 let. Veseli me, da sem \u0161e vedno zraven in da se lahko \u0161e zmeraj borim za visoke uvrstitve,\u00ab se je spomnil osvojitve naslova evropskega podprvaka. Kakor je pristavil, se po\u010duti dobro, kar je najpomembneje. Kar zadeva progo, je dodal, da bi bil lahko vodostaj bolj\u0161i, lahko pa tudi slab\u0161i.<\/p>\n<p>V Tacnu 13 Slovencev<\/p>\n<p>Za to\u010dke svetovnega pokala se bo od jutri do nedelje v Tacnu potegovalo 13 Slovencev. Kajak (K1) \u2013 \u017eenske: Eva Alina Ho\u010devar, Lea Novak in Eva Ter\u010delj; mo\u0161ki: Peter Kauzer, Martin Srabotnik in Lan Tominc; kanu (C1) \u2013 \u017eenske: Eva Alina Ho\u010devar, Lea Novak in Alja Kozorog; mo\u0161ki: Luka Bo\u017ei\u010d, \u017diga Lin Ho\u010devar in Benjamin Sav\u0161ek; kajaka\u0161ki kros (CSLX) \u2013 \u017eenske: Eva Alina Ho\u010devar, Lea Novak in Naja Pinteri\u010d; mo\u0161ki: \u017diga Lin Ho\u010devar, Jernej Kramer in Jakob \u0160avli.<\/p>\n<p>\u00bbVoda se nenehno spreminja, tako da bomo videli, kako bo ta konec tedna,\u00ab je radoveden 42-letni Hrastni\u010dan in pribil, da so pogoji za vadbo slaloma na divjih vodah v Sloveniji na \u017ealost precej slab\u0161i, kot jih imajo v tujini. \u00bbUpam, da se bo glede tega kaj spremenilo oziroma izbolj\u0161alo za na\u0161e naslednike, da bomo kon\u010dno dobili sodobno progo in da bodo imeli tisti, ki prihajajo za nami, vsaj pribli\u017eno tak\u0161ne razmere za trening, kakr\u0161ne imajo tujci. Le v tem primeru bomo lahko tudi od njih pri\u010dakovali vrhunske rezultate,\u00ab je poudaril Kauzer, ki bo na jutri\u0161nji tekmi kajaka\u0161ev (kvalifikacije se bodo za\u010dele ob 11.45, finale pa ob 15.30), zadovoljen, \u010de bo imel malo pripomb nad svojim nastopom. \u00bbV tem primeru lahko hitro pose\u017eem tudi po vidnej\u0161em dose\u017eku\u00a0&#8230;\u00ab<\/p>\n<p>Eva Alina in Lea v vseh treh disciplinah<\/p>\n<p>V \u017eenski konkurenci bo med glavnimi slovenskimi aduti Eva Alina Ho\u010devar, ki ne skriva visokih ciljev. \u00bbUpam, da sem dobro pripravljena. No, vem, da sem. Moram biti samozavestna,\u00ab je dejala 24-letna Ljubljan\u010danka, ki optimizem \u010drpa tudi iz dosedanjih leto\u0161njih uspe\u0161nih predstav na razli\u010dnih mednarodnih tekmah. Na vsakem prizori\u0161\u010du od Avstralije do ZDA je namre\u010d osvojila vsaj eno kolajno. Ob Lei Novak bo edina med na\u0161imi reprezentanti nastopila v vseh treh disciplinah. \u00bbSlalom je pri meni na prvem mestu, saj imam v krosu \u0161e dolo\u010den zaostanek. Kar zadeva pa \u010dolna, se v kanuju \u0161e vedno po\u010dutim malce bolj samozavestno, \u010deprav sem precej\u0161en preskok letos naredila tudi v kajaku,\u00ab je razlo\u017eila Ho\u010devarjeva, ki si bo zaradi lastnih pri\u010dakovanj na rame nalo\u017eila dolo\u010dene breme pritiska.<\/p>\n<p>\u00bbLani mi je \u0161lo v Tacnu odli\u010dno od rok, saj sem osvojila dve kolajni. Ker se letos po\u010dutim \u0161e bolje in vem, da sem sposobna pose\u010di po vrhu, si toliko bolj gore\u010de \u017eelim dobrih nastopov. Nadejam se, da si bom priveslalo odli\u010dje, ki je moj cilj,\u00ab je \u0161e povedala Eva Alina, katere brat \u017diga Lin Ho\u010devar, evropski prvak izpred dveh let v Tacnu, bo imel tokrat nadvse stresen konec tedna tudi zaradi mature. \u00bbV petek bom pisal sloven\u0161\u010dino, v soboto angle\u0161\u010dino\u00a0&#8230; Ob 8.20 zjutraj bom v \u0161oli, ki jo bom \u2013 tako ra\u010dunam \u2013 zapustil ob 11.30, tako da bom imel v Tacnu le \u0161e dobro uro za pripravo na tekmo. Moral se bom prilagoditi,\u00ab je svoj na\u010drt razkril 18-letni Ljubljan\u010dan.<\/p>\n<p><img decoding=\"async\" class=\"article__img-tag-visible\" src=\"https:\/\/www.europesays.com\/si\/wp-content\/uploads\/2026\/05\/3080988.width-660.format-webp.webp\" alt=\"Eva Alina Ho\u010devar dobro razpolo\u017eena pri\u010dakuje doma\u010de tekmovanje. FOTO: Dejan Javornik\" img_id=\"11570481\" data-img-id=\"11570481\"\/><\/p>\n<p>Eva Alina Ho\u010devar dobro razpolo\u017eena pri\u010dakuje doma\u010de tekmovanje. FOTO: Dejan Javornik<\/p>\n<p><img decoding=\"async\" class=\"article__img-tag-visible\" src=\"https:\/\/www.europesays.com\/si\/wp-content\/uploads\/2026\/05\/3080551.width-660.format-webp.webp\" alt=\"Na savskih brzicah se bo dokazovalo 13 slovenskih kajaka\u0161ev in kanuistov. FOTO: Dejan Javornik\" img_id=\"11569861\" data-img-id=\"11569861\"\/><\/p>\n<p>Na savskih brzicah se bo dokazovalo 13 slovenskih kajaka\u0161ev in kanuistov. FOTO: Dejan Javornik<\/p>\n","protected":false},"excerpt":{"rendered":"V Tacnu oziroma na Brodu, kakor trdijo lokalni prebivalci, je \u017ee bolj ali manj vse nared za uvodno&hellip;\n","protected":false},"author":2,"featured_media":106988,"comment_status":"","ping_status":"","sticky":false,"template":"","format":"standard","meta":{"footnotes":"","_share_on_mastodon":"0"},"categories":[20],"tags":[32,5619,5620,35,31,34,36,25864,37,38,4217,7513,33,13555],"class_list":["post-106987","post","type-post","status-publish","format-standard","has-post-thumbnail","category-novice","tag-headlines","tag-kajak","tag-kanu","tag-najpomembnejse-novice","tag-news","tag-novice","tag-osrednje-novice","tag-peter-kauzer","tag-slovene","tag-slovenscina","tag-svetovni-pokal","tag-tacen","tag-top-stories","tag-ziga-lin-hocevar"],"share_on_mastodon":{"url":"https:\/\/pubeurope.com\/@si\/116651030394973833","error":""},"_links":{"self":[{"href":"https:\/\/www.europesays.com\/si\/wp-json\/wp\/v2\/posts\/106987","targetHints":{"allow":["GET"]}}],"collection":[{"href":"https:\/\/www.europesays.com\/si\/wp-json\/wp\/v2\/posts"}],"about":[{"href":"https:\/\/www.europesays.com\/si\/wp-json\/wp\/v2\/types\/post"}],"author":[{"embeddable":true,"href":"https:\/\/www.europesays.com\/si\/wp-json\/wp\/v2\/users\/2"}],"replies":[{"embeddable":true,"href":"https:\/\/www.europesays.com\/si\/wp-json\/wp\/v2\/comments?post=106987"}],"version-history":[{"count":0,"href":"https:\/\/www.europesays.com\/si\/wp-json\/wp\/v2\/posts\/106987\/revisions"}],"wp:featuredmedia":[{"embeddable":true,"href":"https:\/\/www.europesays.com\/si\/wp-json\/wp\/v2\/media\/106988"}],"wp:attachment":[{"href":"https:\/\/www.europesays.com\/si\/wp-json\/wp\/v2\/media?parent=106987"}],"wp:term":[{"taxonomy":"category","embeddable":true,"href":"https:\/\/www.europesays.com\/si\/wp-json\/wp\/v2\/categories?post=106987"},{"taxonomy":"post_tag","embeddable":true,"href":"https:\/\/www.europesays.com\/si\/wp-json\/wp\/v2\/tags?post=106987"}],"curies":[{"name":"wp","href":"https:\/\/api.w.org\/{rel}","templated":true}]}}