{"id":107654,"date":"2026-05-28T17:56:07","date_gmt":"2026-05-28T17:56:07","guid":{"rendered":"https:\/\/www.europesays.com\/si\/107654\/"},"modified":"2026-05-28T17:56:07","modified_gmt":"2026-05-28T17:56:07","slug":"peter-kauzer-bi-letos-rad-plesal-tako-kot-si-zeli","status":"publish","type":"post","link":"https:\/\/www.europesays.com\/si\/107654\/","title":{"rendered":"Peter Kauzer bi letos rad &#8220;plesal&#8221; tako, kot si \u017eeli"},"content":{"rendered":"<p>&#8220;Upam, da bom to sezono odplesal tako, kot jo imam za odplesati,&#8221; se je zanimivo izrazil Peter Kauzer, slovenski kajaka\u0161 na divjih vodah, ki bo konec tedna na tekmi svetovnega pokala v Tacnu \u0161e enkrat ve\u010d lovil vrhunski rezultat. Spregovoril pa je tudi o bole\u010di temi za slovenske kajaka\u0161e in kanuiste na divjih vodah. To je prenova znamenite tacenske proge.<\/p>\n<p>O Petru Kauzerju, lahko re\u010demo kar fenomenu slovenskega \u0161porta, ne gre izgubljati besed. V svoji karieri je dosegel celo vrsto vrhunskih rezultatov. \u0160e bolj ob\u010dudovanja vredno je, da je pri svojih 42 letih \u0161e vedno zraven najbolj\u0161ih in ni\u010d ne ka\u017ee, da bi bilo v leto\u0161nji sezoni druga\u010de.<\/p>\n<p><img decoding=\"async\" alt=\"\" ko=\"\" mi=\"\" v=\"\" tacnu=\"\" zares=\"\" ste=\"\" pri=\"\" sebi=\"\" kar=\"\" vriskam=\"\" in=\"\" to=\"\" zadnjih=\"\" nekaj=\"\" sezon=\"\" pogre=\"\" foto:=\"\" damiano=\"\" benedetto=\"\" class=\"article_content__inline_image js_imageLightbox is-clickable\" data-author=\"Damiano Benedetto\" data-caption=\"&quot;Ko mi \u010doln v Tacnu zares ste\u010de, pri sebi kar vriskam, in to \u017ee zadnjih nekaj sezon pogre\u0161am.&quot;\" data-height=\"1667\" data-href=\"https:\/\/siol.net\/media\/img\/16\/0c\/afbd34aa3536ac0fa80c-peter-kauzer.jpeg\" data-width=\"2500\" loading=\"lazy\" src=\"\/media\/img\/78\/17\/259a4e1fe74d0eb30d9d-peter-kauzer.jpeg\" title=\"Peter Kauzer\"\/><\/p>\n<p> &#8220;Ko mi \u010doln v Tacnu zares ste\u010de, pri sebi kar vriskam, in to \u017ee zadnjih nekaj sezon pogre\u0161am.&#8221;<br \/>\n Foto: Damiano Benedetto <\/p>\n<p>Kauzer meni, da je \u010das, da bi sam pri sebi lahko vriskal<\/p>\n<p>V pogovoru nam je povedal, da se pred uvodno leto\u0161njo tekmo svetovnega pokala dobro po\u010duti, kar je zanj najpomembnej\u0161e. Prav tako nima te\u017eav s po\u0161kodbami, a da je pri njem veliko odvisno od dnevne forme oziroma od tega, kako se zjutraj zbudi. Lani je Kauzer na tekmi svetovnega pokala v Tacnu pristal na \u010detrtem mestu, a Hrastni\u010dan bi si letos \u017eelel \u0161e kaj ve\u010d.<\/p>\n<p>&#8220;Tukaj je \u017ee zadnjih nekaj sezon tako, da mi v Tacnu enostavno \u010doln ne ste\u010de takrat, ko bi \u017eelel. Malo se mi voda postavi pokonci in potem se na koncu vedno &#8216;matram&#8217;. Upam, da bo letos kaj druga\u010de. Ko mi \u010doln v Tacnu zares ste\u010de, pri sebi kar vriskam, in to \u017ee zadnjih nekaj sezon pogre\u0161am. Upam oziroma verjamem, da je \u010das, da se to spremeni,&#8221; nam je uvodoma povedal Kauzer in razkril, da mu je na treningu ve\u010dkrat \u010doln stekel, a bo imel na tekmi samo eno prilo\u017enost.<\/p>\n<p><img decoding=\"async\" alt=\"Upam, da bodo postavili progo z vodo in ne proti vodi. | Foto: Ana Kova\u010d\" class=\"article_content__inline_image js_imageLightbox is-clickable\" data-author=\"Ana Kova\u010d\" data-caption=\"Upam, da bodo postavili progo z vodo in ne proti vodi.\" data-height=\"2362\" data-href=\"https:\/\/siol.net\/media\/img\/48\/49\/d0545807b9a858d31811-peter-kauzer.jpeg\" data-width=\"3543\" loading=\"lazy\" src=\"\/media\/img\/f3\/fd\/76ccf451246490372546-peter-kauzer.jpeg\" title=\"Peter Kauzer\"\/><\/p>\n<p> Upam, da bodo postavili progo z vodo in ne proti vodi.<br \/>\n Foto: Ana Kova\u010d <\/p>\n<p>Reakcije so malce po\u010dasnej\u0161e, a \u2026<\/p>\n<p>O njegovih dolgoletnih izku\u0161njah nima smisla izgubljati besed, se pa ob tem postavlja vpra\u0161anje, kaj je v njegovem \u0161portnem obdobju najpomembnej\u0161e, preden se odpravi na \u0161tart pomembne tekme. Ena izmed njih je tudi doma\u010da tekma v Tacnu.<\/p>\n<p>&#8220;Mislim, da posku\u0161a\u0161 stvari, na katere ima\u0161 vpliv, \u010dim bolj urediti oziroma \u010dim bolj minimalizirati stvari, ki bi te lahko zmotile, da gre\u0161 z mirno glavo na \u0161tart. In to je to. Na koncu izku\u0161nje naredijo svoje. Vem, da so z leti reakcije malo po\u010dasnej\u0161e, do tega enostavno pride. Ampak \u0161e vedno so na koncu pomembne izku\u0161nje in na tekmi ne \u010dutim ve\u010d tak\u0161nega pritiska.&#8221;<\/p>\n<p>&#8220;Veliko je odvisno tudi od postavitve proge. Upam samo, da bodo postavili progo z vodo in ne proti vodi. Dostikrat sem \u017ee povedal, da imam neko sliko v glavi, kako bi moral slalom izgledati. \u010ce se mu\u010di\u0161 skozi progo, to ni ravno prijetno. Slalom je zame balet na vodi in tako mora tudi izgledati. Upam, da bom to sezono odplesal tako, kot si jo \u017eelim odplesati.&#8221;<\/p>\n<p><img decoding=\"async\" alt=\"Peter Kauzer | Foto: Ale\u0161 Fev\u017eer\" class=\"article_content__inline_image js_imageLightbox is-clickable\" data-author=\"Ale\u0161 Fev\u017eer\" data-caption=\"\" data-height=\"800\" data-href=\"https:\/\/siol.net\/media\/images\/2025-38\/icf-tacen-k-1w30.jpg\" data-width=\"1200\" loading=\"lazy\" src=\"\/media\/img\/fc\/f3\/5acfd56d25ae9710aa87-peter-kauzer.jpeg\" title=\"Peter Kauzer\"\/><\/p>\n<p> Foto: Ale\u0161 Fev\u017eer <\/p>\n<p>&#8220;Mislim, da si zaslu\u017eimo moderno progo&#8221;<\/p>\n<p>Te dni v Tacnu vidimo nizek vodostaj Save, a tekma konec tedna ni pod vpra\u0161ajem. Vsaki\u010d znova se ob velikih tekmah v Tacnu odpre bole\u010da debata \u2013 prenova tacenske proge, o kateri se govori \u017ee leta. Na to\u00a0bole\u010do\u00a0temo\u00a0ima svoj pogled tudi Peter Kauzer.<\/p>\n<p>&#8220;Moramo vzeti to, kar imamo. Na \u017ealost se, \u017ee odkar sem v tem \u0161portu, borimo za moderno tekmovalno progo. Upam, da jo bomo v bli\u017enji prihodnosti dobili, ker si jo s svojimi rezultati in z vsem, kar smo naredili za slovenski \u0161port, zaslu\u017eimo. Mislim, da si zaslu\u017eimo moderno progo, da nam ne bo treba ne vem kam hoditi na treninge in priprave ter da ne bomo ves \u010das pogledovali, ali je su\u0161a ali je preve\u010d vode.&#8221;<\/p>\n<p>ICF svetovni pokal v slalomu na divjih vodah \u2013 Ljubljana, Tacen 2026<br \/>\nPetek, 29. 5. 2026<\/p>\n<p>Ura<br \/>\nProgram<\/p>\n<p>11:45<br \/>\nKvalifikacije K1M<\/p>\n<p>13:20<br \/>\nKvalifikacije K1\u017d<\/p>\n<p>15:30<br \/>\nFinale K1M, K1\u017d<\/p>\n<p>17:00<br \/>\nPodelitve<\/p>\n<p>Sobota, 30. 5. 2026<\/p>\n<p>Ura<br \/>\nProgram<\/p>\n<p>11:15<br \/>\nKvalifikacije C1\u017d<\/p>\n<p>12:15<br \/>\nKvalifikacije C1M<\/p>\n<p>14:30<br \/>\nFinale C1M, C1\u017d<\/p>\n<p>16:10<br \/>\nPodelitve<\/p>\n<p>Nedelja, 31. 5. 2026<\/p>\n<p>Ura<br \/>\nProgram<\/p>\n<p>09:45<br \/>\nKajaka\u0161ki kros individualno<\/p>\n<p>13:55<br \/>\nKajaka\u0161ki kros \u2013 tekme na izpadanje<\/p>\n<p>16:20<br \/>\nPodelitve<\/p>\n<p>Dodaten program<\/p>\n<p>Petek dopoldan<\/p>\n<p>Program za otroke \u2013 predstava Foksi in olimpijski zaklad<\/p>\n<p>Sobota popoldan<\/p>\n<p>30 let prve slovenske kajaka\u0161ke olimpijske kolajne<br \/>\nPodelitev kolajne ekipi K4 Mix s svetovnega prvenstva v sprintu leta 2024<\/p>\n<p>Preberite \u0161e:<\/p>\n","protected":false},"excerpt":{"rendered":"&#8220;Upam, da bom to sezono odplesal tako, kot jo imam za odplesati,&#8221; se je zanimivo izrazil Peter Kauzer,&hellip;\n","protected":false},"author":2,"featured_media":107655,"comment_status":"","ping_status":"","sticky":false,"template":"","format":"standard","meta":{"footnotes":"","_share_on_mastodon":"0"},"categories":[16],"tags":[5619,5620,25864,62,37,58,60,38,94,93,7513],"class_list":["post-107654","post","type-post","status-publish","format-standard","has-post-thumbnail","category-sport","tag-kajak","tag-kanu","tag-peter-kauzer","tag-si","tag-slovene","tag-slovenia","tag-slovenija","tag-slovenscina","tag-sport","tag-sports","tag-tacen"],"share_on_mastodon":{"url":"https:\/\/pubeurope.com\/@si\/116653495579435625","error":""},"_links":{"self":[{"href":"https:\/\/www.europesays.com\/si\/wp-json\/wp\/v2\/posts\/107654","targetHints":{"allow":["GET"]}}],"collection":[{"href":"https:\/\/www.europesays.com\/si\/wp-json\/wp\/v2\/posts"}],"about":[{"href":"https:\/\/www.europesays.com\/si\/wp-json\/wp\/v2\/types\/post"}],"author":[{"embeddable":true,"href":"https:\/\/www.europesays.com\/si\/wp-json\/wp\/v2\/users\/2"}],"replies":[{"embeddable":true,"href":"https:\/\/www.europesays.com\/si\/wp-json\/wp\/v2\/comments?post=107654"}],"version-history":[{"count":0,"href":"https:\/\/www.europesays.com\/si\/wp-json\/wp\/v2\/posts\/107654\/revisions"}],"wp:featuredmedia":[{"embeddable":true,"href":"https:\/\/www.europesays.com\/si\/wp-json\/wp\/v2\/media\/107655"}],"wp:attachment":[{"href":"https:\/\/www.europesays.com\/si\/wp-json\/wp\/v2\/media?parent=107654"}],"wp:term":[{"taxonomy":"category","embeddable":true,"href":"https:\/\/www.europesays.com\/si\/wp-json\/wp\/v2\/categories?post=107654"},{"taxonomy":"post_tag","embeddable":true,"href":"https:\/\/www.europesays.com\/si\/wp-json\/wp\/v2\/tags?post=107654"}],"curies":[{"name":"wp","href":"https:\/\/api.w.org\/{rel}","templated":true}]}}