{"id":107785,"date":"2026-05-28T20:08:09","date_gmt":"2026-05-28T20:08:09","guid":{"rendered":"https:\/\/www.europesays.com\/si\/107785\/"},"modified":"2026-05-28T20:08:09","modified_gmt":"2026-05-28T20:08:09","slug":"dubaj-na-odlocilni-tekmi-ves-cas-korak-ali-dva-pred-buducnostjo","status":"publish","type":"post","link":"https:\/\/www.europesays.com\/si\/107785\/","title":{"rendered":"Dubaj na odlo\u010dilni tekmi ves \u010das korak ali dva pred Budu\u0107nostjo"},"content":{"rendered":"<p>\t\t\t\t\t\t\t\t<a href=\"https:\/\/www.europesays.com\/si\/wp-content\/uploads\/2026\/05\/67047761.jpg\" itemprop=\"contentUrl\" data-size=\"1200x800\" data-large=\"https:\/\/www.europesays.com\/si\/wp-content\/uploads\/2026\/05\/67047761.jpg\"><br \/>\n\t\t\t\t\t\t\t\t\t<img decoding=\"async\" src=\"https:\/\/www.europesays.com\/si\/wp-content\/uploads\/2026\/05\/67047761.jpg\" title=\"Dubaj je bil na tretji tekmi polfinala v vsaki \u010detrtini bolj\u0161i, \u017ee ob pol\u010dasu pa je imel 15 to\u010dk prednosti (44:39). Foto: Dubai Basketball\" alt=\"Dubaj je bil na tretji tekmi polfinala v vsaki \u010detrtini bolj\u0161i, \u017ee ob pol\u010dasu pa je imel 15 to\u010dk prednosti (44:39). Foto: Dubai Basketball\"\/><br \/>\n\t\t\t\t\t\t\t\t<\/a><\/p>\n<p>\t\t\t\t\t\t\t\t\tDubaj je bil na tretji tekmi polfinala v vsaki \u010detrtini bolj\u0161i, \u017ee ob pol\u010dasu pa je imel 15 to\u010dk prednosti (44:39). Foto: Dubai Basketball<\/p>\n<p>Dubaj je imel vse pod nadzorom. Po \u0161tirih minutah je povedel z 12:4, ob delnem izidu 13:0 pa si je v drugi \u010detrtini priboril \u017ee vodstvo 24 to\u010dk (44:20). Tudi v drugem pol\u010dasu Dubaj, za katerega je Klemen Prepeli\u0107 v 15 minutah dosegel \u0161est to\u010dk (met za tri 2\/4), ni popu\u0161\u010dal, sredi zadnje \u010detrtine je bilo \u017ee 94:64.<\/p>\n<p>Oglas<\/p>\n<p>Najbolj\u0161i strelec tekme je bil D\u017eanan Musa z 20 to\u010dkami. Dubaj je zadel ve\u010d kot polovico metov iz igre, Budu\u0107nost le 39. V skoku je bilo 43:33.<\/p>\n<p>Prva tekma finalne serije med Dubajem in Partizanom (na tri zmage) bo v \u010detrtek v Zenici.<\/p>\n<p> POLFINALE, tretja tekma:<br \/>DUBAJ &#8211; BUDU\u0106NOST (2:1)<br \/>103:77 (25:18, 29:21, 24:19, 25:19)<br \/>3993; Musa 20 (4\/7 za tri), Caboclo, Tshimanga Kabengele po 13, Kamenja\u0161 in Bacon po 12, Anderson 10; Ferrell 17, Boutsiele 15, Magee 11, Morgan 10.<\/p>\n<p>Igrali so na dve zmagi. <\/p>\n<p> FINALE, prva tekma, \u010detrtek, 4. junija: <br \/>DUBAJ &#8211; PARTIZAN 0:0 <\/p>\n<p>Druga tekma, sobota, 6. junija: <br \/>DUBAJ &#8211; PARTIZAN <\/p>\n<p>Tretja tekma, sreda, 10. junija: <br \/>PARTIZAN &#8211; DUBAJ <\/p>\n<p>\u010cetrta tekma, petek, 12. junija: <br \/>PARTIZAN &#8211; DUBAJ <\/p>\n<p>Peta tekma, torek, 16. junija: <br \/>DUBAJ &#8211; PARTIZAN <\/p>\n<p>Igrajo na tri zmage po sistemu 2-2-1.<\/p>\n<p>Oglas<\/p>\n","protected":false},"excerpt":{"rendered":"Dubaj je bil na tretji tekmi polfinala v vsaki \u010detrtini bolj\u0161i, \u017ee ob pol\u010dasu pa je imel 15&hellip;\n","protected":false},"author":2,"featured_media":107786,"comment_status":"","ping_status":"","sticky":false,"template":"","format":"standard","meta":{"footnotes":"","_share_on_mastodon":"0"},"categories":[16],"tags":[344,1785,6829,62,37,58,60,38,94,93],"class_list":["post-107785","post","type-post","status-publish","format-standard","has-post-thumbnail","category-sport","tag-kosarka","tag-liga-aba","tag-polfinale","tag-si","tag-slovene","tag-slovenia","tag-slovenija","tag-slovenscina","tag-sport","tag-sports"],"share_on_mastodon":{"url":"https:\/\/pubeurope.com\/@si\/116654014881339680","error":""},"_links":{"self":[{"href":"https:\/\/www.europesays.com\/si\/wp-json\/wp\/v2\/posts\/107785","targetHints":{"allow":["GET"]}}],"collection":[{"href":"https:\/\/www.europesays.com\/si\/wp-json\/wp\/v2\/posts"}],"about":[{"href":"https:\/\/www.europesays.com\/si\/wp-json\/wp\/v2\/types\/post"}],"author":[{"embeddable":true,"href":"https:\/\/www.europesays.com\/si\/wp-json\/wp\/v2\/users\/2"}],"replies":[{"embeddable":true,"href":"https:\/\/www.europesays.com\/si\/wp-json\/wp\/v2\/comments?post=107785"}],"version-history":[{"count":0,"href":"https:\/\/www.europesays.com\/si\/wp-json\/wp\/v2\/posts\/107785\/revisions"}],"wp:featuredmedia":[{"embeddable":true,"href":"https:\/\/www.europesays.com\/si\/wp-json\/wp\/v2\/media\/107786"}],"wp:attachment":[{"href":"https:\/\/www.europesays.com\/si\/wp-json\/wp\/v2\/media?parent=107785"}],"wp:term":[{"taxonomy":"category","embeddable":true,"href":"https:\/\/www.europesays.com\/si\/wp-json\/wp\/v2\/categories?post=107785"},{"taxonomy":"post_tag","embeddable":true,"href":"https:\/\/www.europesays.com\/si\/wp-json\/wp\/v2\/tags?post=107785"}],"curies":[{"name":"wp","href":"https:\/\/api.w.org\/{rel}","templated":true}]}}