{"id":108124,"date":"2026-05-29T06:48:08","date_gmt":"2026-05-29T06:48:08","guid":{"rendered":"https:\/\/www.europesays.com\/si\/108124\/"},"modified":"2026-05-29T06:48:08","modified_gmt":"2026-05-29T06:48:08","slug":"neznanec-nam-je-po-posti-poslal-100-evrov-to-pravi-policija","status":"publish","type":"post","link":"https:\/\/www.europesays.com\/si\/108124\/","title":{"rendered":"Neznanec nam je po po\u0161ti poslal 100 evrov, to pravi policija"},"content":{"rendered":"<p>Po po\u0161ti smo v ovojnici skupaj z anonimnim pismom prejeli sto evrov gotovine.<\/p>\n<p>V nadaljevanju preberite:\u00a0<\/p>\n<p>Zakaj nam je nekdo poslal sto evrov v gotovini.\u00a0<br \/>\nKaj o tem pravi policija<br \/>\nKaj nameravamo storiti z denarjem<\/p>\n<p>V podolgovati ovojnici smo pred nekaj dnevi prejeli tristranski dopis, v katerem neznani avtor izra\u017ea svoje pomisleke nad projektom Dru\u017emirsko jezero in nad vodjem tega projekta Simonom \u010ci\u017emekom.<\/p>\n<p>V upanju, da bo njegovo videnje odprlo na\u0161a obzorja in bo tak\u0161en prispevek objavljen \u0161ir\u0161i javnosti, je v ovojnico vtaknil \u0161e sto evrov. Po\u0161iljka je bila poslana iz Ljubljane, po\u0161iljatelj pa ni nikamor zapisal imena in naslova.<\/p>\n<p>Ker se je prvi\u010d zgodilo, da bi po po\u0161ti prejeli denar, smo za navodila zaprosili policijo. &#8220;V opisanem primeru policija ne zaznava razlogov za sum, da je bilo storjeno uradno pregonljivo kaznivo dejanje. V primeru ko naslovnik prejme denar brez jasno opredeljenega po\u0161iljatelja in brez pogojevanja ali znakov kaznivega dejanja, zakonodaja ne dolo\u010da posebne obveznosti prijave tak\u0161ne po\u0161iljke pristojnim organom,&#8221; so nam povedali na policiji.<\/p>\n<p>Po\u0161iljatelja pozivamo, naj se nam oglasi in avtorstvo doka\u017ee s kopijo dopisa, sicer bomo denar podarili v dobrodelne namene.<\/p>\n<p>To je projekt, proti kateremu je &#8220;vlo\u017eil&#8221; sto evrov<\/p>\n<p>HSE na Dru\u017emirskem oziroma \u0160o\u0161tanjskem jezeru na\u010drtuje 140 megavatov veliko plavajo\u010do son\u010dno elektrarno, vlada pa je marca letos sprejela uredbo o dr\u017eavnem prostorskem na\u010drtu zanjo.<\/p>\n<p>Nalo\u017eba bo vredna ve\u010d kot sto milijonov evrov, poleg elektrarne pa bodo uredili tudi poti okrog jezera, pla\u017eo, adrenalinski park in podobno. Elektrarno naj bi na omre\u017eje priklju\u010dili leta 2028.<\/p>\n<p>Ob\u010dina \u0160o\u0161tanj je z HSE podpisala sporazum, po katerem bo 30 let prejemala pribli\u017eno pol milijona evrov nadomestila na leto.<\/p>\n<p>Ve\u010d o projektu <a href=\"https:\/\/www.hse.si\/sl\/pospesenovzeleno\/pse-druzmirje\/\" target=\"_blank\" rel=\"nofollow noopener\">lahko preberete tukaj<\/a>.<\/p>\n<p>janez.zalaznik@styria-media.si<\/p>\n","protected":false},"excerpt":{"rendered":"Po po\u0161ti smo v ovojnici skupaj z anonimnim pismom prejeli sto evrov gotovine. V nadaljevanju preberite:\u00a0 Zakaj nam&hellip;\n","protected":false},"author":2,"featured_media":108125,"comment_status":"","ping_status":"","sticky":false,"template":"","format":"standard","meta":{"footnotes":"","_share_on_mastodon":"0"},"categories":[20],"tags":[31081,5018,32,35,31,34,36,37,38,33],"class_list":["post-108124","post","type-post","status-publish","format-standard","has-post-thumbnail","category-novice","tag-anonimno-pismo","tag-gotovina","tag-headlines","tag-najpomembnejse-novice","tag-news","tag-novice","tag-osrednje-novice","tag-slovene","tag-slovenscina","tag-top-stories"],"share_on_mastodon":{"url":"https:\/\/pubeurope.com\/@si\/116656531219517549","error":""},"_links":{"self":[{"href":"https:\/\/www.europesays.com\/si\/wp-json\/wp\/v2\/posts\/108124","targetHints":{"allow":["GET"]}}],"collection":[{"href":"https:\/\/www.europesays.com\/si\/wp-json\/wp\/v2\/posts"}],"about":[{"href":"https:\/\/www.europesays.com\/si\/wp-json\/wp\/v2\/types\/post"}],"author":[{"embeddable":true,"href":"https:\/\/www.europesays.com\/si\/wp-json\/wp\/v2\/users\/2"}],"replies":[{"embeddable":true,"href":"https:\/\/www.europesays.com\/si\/wp-json\/wp\/v2\/comments?post=108124"}],"version-history":[{"count":0,"href":"https:\/\/www.europesays.com\/si\/wp-json\/wp\/v2\/posts\/108124\/revisions"}],"wp:featuredmedia":[{"embeddable":true,"href":"https:\/\/www.europesays.com\/si\/wp-json\/wp\/v2\/media\/108125"}],"wp:attachment":[{"href":"https:\/\/www.europesays.com\/si\/wp-json\/wp\/v2\/media?parent=108124"}],"wp:term":[{"taxonomy":"category","embeddable":true,"href":"https:\/\/www.europesays.com\/si\/wp-json\/wp\/v2\/categories?post=108124"},{"taxonomy":"post_tag","embeddable":true,"href":"https:\/\/www.europesays.com\/si\/wp-json\/wp\/v2\/tags?post=108124"}],"curies":[{"name":"wp","href":"https:\/\/api.w.org\/{rel}","templated":true}]}}