{"id":108957,"date":"2026-05-29T20:04:08","date_gmt":"2026-05-29T20:04:08","guid":{"rendered":"https:\/\/www.europesays.com\/si\/108957\/"},"modified":"2026-05-29T20:04:08","modified_gmt":"2026-05-29T20:04:08","slug":"kauzer-po-katastrofi-vpil-na-breg-na-pol-proge-so-vratca-pod-vodo","status":"publish","type":"post","link":"https:\/\/www.europesays.com\/si\/108957\/","title":{"rendered":"Kauzer po katastrofi vpil na breg: &#8220;Na pol proge so vratca pod vodo!&#8221;"},"content":{"rendered":"<p>Svetovni pokal v Tacnu se za slovenske tekmovalce ni za\u010del najbolje.<\/p>\n<p>V NADALJEVANJU PREBERITE:<\/p>\n<p>V Tacnu se je za\u010dela tekma za svetovni pokal.<br \/>\nSlovenski kajaka\u0161i so ostali pred vrati finala.<br \/>\nPeter Kauzer je bil po vo\u017enji razjarjen.<\/p>\n<p>Mo\u0161ki del kajaka\u0161ke ekipe v finalu tekme svetovnega pokala <a href=\"https:\/\/www.canoeicf.com\/\" onclick=\"window.open(this.href, &#039;&#039;, &#039;resizable=no,status=no,location=no,toolbar=no,menubar=no,fullscreen=no,scrollbars=no,dependent=no&#039;); return false;\" rel=\"nofollow noopener\" target=\"_blank\">ICF<\/a> ne bo imel svojega predstavnika, na zahtevni progi je bil \u0161e najbolj\u0161i Martin Srabotnik, ki je z dvema kazenskima sekundama zasedel 15. mesto. Lan Tominc je bi \u0161tirimi dodatnimi sekundami 18., Petru Kauzerju pa se je vo\u017enja povsem podrla. S 54 kazenskimi sekundami je v kvalifikacijah zasedel 50. mesto in bil po koncu vo\u017enje povsem razjarjen.<\/p>\n<p>&#8220;Na pol proge so vratca pod vodo,&#8221; je Kauzer vpil svojemu trenerju in o\u010detu Petru Kauzerju starej\u0161emu, potem pa potreboval nekaj \u010dasa, da se je umiril.<\/p>\n<p>&#8220;Spet bo izpadlo, da se samo jaz prito\u017eujem, ampak ni tako, veliko nas je. Nekatera vratca so bila \u017ee na tako zahrbtni progi, kot je tacenska prenizko, ne poznam razloga, mogo\u010de je za to krivo sonce, ki je zrahljalo vrvi. Ne bi krivil nikogar, ampak postavljavec, ki je doma\u010din in progo pozna, bi moral upo\u0161tevati nekatere zakonitosti,&#8221; se je prito\u017eeval Kauzer in priznal, da se v Tacnu zadnja leta mu\u010di.<\/p>\n<p>&#8220;Neko\u010d sem tu zelo u\u017eival, zdaj ne. Neko\u010d sem se mu\u010dil v Pragi, u\u017eival tu, zdaj je obratno. Ker vem, da je \u017ee nekaj let tako, se zaradi tega ne obremenjujem preve\u010d. Vem, da me ta neuspeh ne bo vrgel s tira, komaj \u010dakam naslednji teden, da v Pragi spet dobim bolj\u0161e ob\u010dutke. So pa to tekme, ki slu\u017eijo za pripravo na svetovno prvenstvo, na katerega \u017eelim priti s takimi ob\u010dutki, kot sem jih imel lani pred prvenstvom v Penrithu, da bom spet v igri za odli\u010dja. Mi je pa \u017eal zaradi navija\u010dev,&#8221; je dejal Kauzer.<\/p>\n<p>V finale le Eva Alina Ho\u010devar<\/p>\n<p><img decoding=\"async\" alt=\"Tacen ICF | Avtor: Kajaka\u0161ka zveza Slovenije\" class=\"rwd\" data-href=\"https:\/\/www.zurnal24.si\/media\/img\/69\/51\/00e90fee5e98e4f708bd.jpeg\" itemprop=\"image\" src=\"\/media\/img\/42\/30\/7fb3608e50a09ccd356a.jpeg\"\/><\/p>\n<p>                 Prizor iz Tacna.<\/p>\n<p>                Kajaka\u0161ka zveza Slovenije<\/p>\n<p>Izmed \u0161estih predstavnikov v kajaka\u0161kih kvalifikacijah se je skozi \u0161ivankino uho v finale najbolj\u0161ih 12 uvrstila le Eva Alina Ho\u010devar, ki je dosegla 12. \u010das.<\/p>\n<p>Za najhitrej\u0161o Francozinjo Camille Prigent je zaostala tri sekunde in 22 stotink, po slabem za\u010detku je spodnji del proge odvozila odli\u010dno in zaostanek celo zmanj\u0161ala, kar ji je dalo\u00a0lep obet za finalno vo\u017enjo.<\/p>\n<p>&#8220;\u017de hitro sem storila napako, udarila vratca, poleg tega pa \u0161e izgubila dve do tri sekunde. Na vmesnem \u010dasu sem bila pet ali \u0161est sekund zadaj. To sem tudi sli\u0161ala, tako da sem vedela, da moram v spodnjem delu dati vse od sebe, spustiti, da \u010doln gre. Uspelo mi je, zdaj pa moram upati, da se mi v finalu napaka ne ponovi,&#8221; je bila po kvalifikacijah zadovoljna Ho\u010devar.<\/p>\n<p>Eva Ter\u010delj je bila na prvi resnej\u0161i tekmi po vrnitvi po nose\u010dnosti 16., z dvema kazenskima sekundama je zaostala pet minut in 87 stotink, Lea Novak je bila s 54 kazenskimi sekundami 40.<\/p>\n<p><a href=\"https:\/\/www.zurnal24.si\/sport\/mailto:dezurni@styria-media.si\" target=\"_blank\" rel=\"nofollow noopener\">dezurni@styria-media.si<\/a><\/p>\n","protected":false},"excerpt":{"rendered":"Svetovni pokal v Tacnu se za slovenske tekmovalce ni za\u010del najbolje. V NADALJEVANJU PREBERITE: V Tacnu se je&hellip;\n","protected":false},"author":2,"featured_media":108958,"comment_status":"","ping_status":"","sticky":false,"template":"","format":"standard","meta":{"footnotes":"","_share_on_mastodon":"0"},"categories":[20],"tags":[32,31239,5619,35,31,34,36,25864,31240,37,38,7513,33],"class_list":["post-108957","post","type-post","status-publish","format-standard","has-post-thumbnail","category-novice","tag-headlines","tag-icf","tag-kajak","tag-najpomembnejse-novice","tag-news","tag-novice","tag-osrednje-novice","tag-peter-kauzer","tag-slalom-na-divjih-vodah","tag-slovene","tag-slovenscina","tag-tacen","tag-top-stories"],"share_on_mastodon":{"url":"https:\/\/pubeurope.com\/@si\/116659661228541448","error":""},"_links":{"self":[{"href":"https:\/\/www.europesays.com\/si\/wp-json\/wp\/v2\/posts\/108957","targetHints":{"allow":["GET"]}}],"collection":[{"href":"https:\/\/www.europesays.com\/si\/wp-json\/wp\/v2\/posts"}],"about":[{"href":"https:\/\/www.europesays.com\/si\/wp-json\/wp\/v2\/types\/post"}],"author":[{"embeddable":true,"href":"https:\/\/www.europesays.com\/si\/wp-json\/wp\/v2\/users\/2"}],"replies":[{"embeddable":true,"href":"https:\/\/www.europesays.com\/si\/wp-json\/wp\/v2\/comments?post=108957"}],"version-history":[{"count":0,"href":"https:\/\/www.europesays.com\/si\/wp-json\/wp\/v2\/posts\/108957\/revisions"}],"wp:featuredmedia":[{"embeddable":true,"href":"https:\/\/www.europesays.com\/si\/wp-json\/wp\/v2\/media\/108958"}],"wp:attachment":[{"href":"https:\/\/www.europesays.com\/si\/wp-json\/wp\/v2\/media?parent=108957"}],"wp:term":[{"taxonomy":"category","embeddable":true,"href":"https:\/\/www.europesays.com\/si\/wp-json\/wp\/v2\/categories?post=108957"},{"taxonomy":"post_tag","embeddable":true,"href":"https:\/\/www.europesays.com\/si\/wp-json\/wp\/v2\/tags?post=108957"}],"curies":[{"name":"wp","href":"https:\/\/api.w.org\/{rel}","templated":true}]}}