{"id":110228,"date":"2026-05-31T05:16:07","date_gmt":"2026-05-31T05:16:07","guid":{"rendered":"https:\/\/www.europesays.com\/si\/110228\/"},"modified":"2026-05-31T05:16:07","modified_gmt":"2026-05-31T05:16:07","slug":"oglasevanje-obvezno-v-dveh-jezikih-da-globa-pa-do-500-evrov","status":"publish","type":"post","link":"https:\/\/www.europesays.com\/si\/110228\/","title":{"rendered":"Ogla\u0161evanje obvezno v dveh jezikih? Da, globa pa do 500 evrov"},"content":{"rendered":"<p>Ob\u010dine slovenske Istre so zaradi poenotenja pravil in izvajanja ustavno zagotovljene dvojezi\u010dnosti pred \u010dasom sprejele poseben odlok, ki na narodnostno me\u0161anem obmo\u010dju dolo\u010da pravila glede javnih napisov, obrazcev in ogla\u0161evanja. Za kr\u0161itve so predvidene tudi globe.<\/p>\n<p>Kot pojasnjuje Mestna ob\u010dina Koper, so se ob\u010dine za sprejem odloka, ki med drugim predvideva ogla\u0161evalske napise tako v slovenskem kot italijanskem jeziku (npr. jumbo plakati),\u00a0odlo\u010dile zaradi &#8220;poenotene ureditve tega podro\u010dja in udejanjanja obravnave, urejanja in nadzora izvajanja dvojezi\u010dnosti na obmo\u010dju slovenske Istre,\u00a0kar izhaja iz ustavnih pravic italijanske narodne skupnosti v Sloveniji&#8221;.<\/p>\n<p>Na obmo\u010djih, kjer \u017eivi italijanska narodna skupnost, je po 11. \u010dlenu Ustave uradni jezik tudi italijan\u0161\u010dina. Ob\u010dine zato poudarjajo, da pri italijan\u0161\u010dini ne gre za tuji jezik.<\/p>\n<p>Napisi praviloma v enaki velikosti<\/p>\n<p>Odlok dolo\u010da, da mora biti dvojezi\u010dni napis v slovenskem in italijanskem jeziku praviloma izpisan z enako oblikovanimi \u010drkami iste velikosti. Mo\u017ena je tudi druga\u010dna likovna re\u0161itev, vendar le, \u010de imata oba jezika enako velik prostor oziroma \u010de besedilo v enem jeziku ni postavljeno v podrejeni polo\u017eaj.<\/p>\n<p>Podobno velja tudi za dvojezi\u010dne obrazce, kjer mora biti besedilo praviloma zapisano z enako velikimi \u010drkami v obeh jezikih.<\/p>\n<p>Za podjetja globa do 500 evrov<\/p>\n<p>Nadzor nad izvajanjem odloka izvaja Medob\u010dinska uprava Istre, so za \u017durnal24 pojasnili na Mestni ob\u010dini Koper. Za pravne osebe javnega in zasebnega prava, samostojne podjetnike in druge posameznike, ki opravljajo dejavnost, je za kr\u0161itev predvidena globa v vi\u0161ini 500 evrov. Odgovorna oseba pravne osebe pa je lahko kaznovana s 100 evri globe, so \u0161e dodali.<\/p>\n<p>Po podatkih obalnih ob\u010din je bilo od uveljavitve odloka izvedenih pribli\u017eno 30 nadzorov zaradi spo\u0161tovanja pravil o dvojezi\u010dnosti na obmo\u010dju ob\u010din Piran, Izola, Koper in Ankaran.<\/p>\n<p>Ministrstvo: Nismo pristojni za razlago<\/p>\n<p>Na Ministrstvu\u00a0za javno upravo poudarjajo, da niso pristojni za razlago predpisov, ki se nana\u0161ajo na vidno dvojezi\u010dnost. Ob tem poudarjajo, da Zakon o javni rabi sloven\u0161\u010dine v tretjem odstavku 23. \u010dlena dolo\u010da obvezno slovensko ali dvojezi\u010dno rabo krajevnih imen v novinarskih, ogla\u0161evalskih in poslovnih besedilih, kadar gre za obmo\u010dja sosednjih dr\u017eav, kjer \u017eivi slovenska narodna manj\u0161ina.<\/p>\n<p>Na vpra\u0161anje, ali podobna obveznost glede dvojezi\u010dnih napisov velja tudi na italijanski strani meje, v Kopru odgovarjajo, da podatkov o tamkaj\u0161nji ureditvi nimajo. Dodajajo pa, da izvajanje dvojezi\u010dnosti v slovenski Istri ne temelji na recipro\u010dnosti, temve\u010d na pravicah italijanske narodne skupnosti, ki jih zagotavljata ustava in zakonodaja Republike Slovenije.<\/p>\n<p>dezurni@styria-media.si<\/p>\n","protected":false},"excerpt":{"rendered":"Ob\u010dine slovenske Istre so zaradi poenotenja pravil in izvajanja ustavno zagotovljene dvojezi\u010dnosti pred \u010dasom sprejele poseben odlok, ki&hellip;\n","protected":false},"author":2,"featured_media":110229,"comment_status":"","ping_status":"","sticky":false,"template":"","format":"standard","meta":{"footnotes":"","_share_on_mastodon":"0"},"categories":[25],"tags":[31501,5129,161,31502,62,37,58,60,38],"class_list":["post-110228","post","type-post","status-publish","format-standard","has-post-thumbnail","category-koper","tag-dvojezicnost","tag-globa","tag-koper","tag-narodnostno-mesano-obmocje","tag-si","tag-slovene","tag-slovenia","tag-slovenija","tag-slovenscina"],"share_on_mastodon":{"url":"https:\/\/pubeurope.com\/@si\/116667494330067593","error":""},"_links":{"self":[{"href":"https:\/\/www.europesays.com\/si\/wp-json\/wp\/v2\/posts\/110228","targetHints":{"allow":["GET"]}}],"collection":[{"href":"https:\/\/www.europesays.com\/si\/wp-json\/wp\/v2\/posts"}],"about":[{"href":"https:\/\/www.europesays.com\/si\/wp-json\/wp\/v2\/types\/post"}],"author":[{"embeddable":true,"href":"https:\/\/www.europesays.com\/si\/wp-json\/wp\/v2\/users\/2"}],"replies":[{"embeddable":true,"href":"https:\/\/www.europesays.com\/si\/wp-json\/wp\/v2\/comments?post=110228"}],"version-history":[{"count":0,"href":"https:\/\/www.europesays.com\/si\/wp-json\/wp\/v2\/posts\/110228\/revisions"}],"wp:featuredmedia":[{"embeddable":true,"href":"https:\/\/www.europesays.com\/si\/wp-json\/wp\/v2\/media\/110229"}],"wp:attachment":[{"href":"https:\/\/www.europesays.com\/si\/wp-json\/wp\/v2\/media?parent=110228"}],"wp:term":[{"taxonomy":"category","embeddable":true,"href":"https:\/\/www.europesays.com\/si\/wp-json\/wp\/v2\/categories?post=110228"},{"taxonomy":"post_tag","embeddable":true,"href":"https:\/\/www.europesays.com\/si\/wp-json\/wp\/v2\/tags?post=110228"}],"curies":[{"name":"wp","href":"https:\/\/api.w.org\/{rel}","templated":true}]}}