{"id":110270,"date":"2026-05-31T05:57:08","date_gmt":"2026-05-31T05:57:08","guid":{"rendered":"https:\/\/www.europesays.com\/si\/110270\/"},"modified":"2026-05-31T05:57:08","modified_gmt":"2026-05-31T05:57:08","slug":"bezzecchiju-kvalifikacije-na-sprintu-presenetil-fernandez","status":"publish","type":"post","link":"https:\/\/www.europesays.com\/si\/110270\/","title":{"rendered":"Bezzecchiju kvalifikacije, na \u0161printu presenetil Fernandez"},"content":{"rendered":"<p>Italijan Marco Bezzecchi, vodilni v skupnem se\u0161tevku svetovnega prvenstva, je bil najhitrej\u0161i na kvalifikacijah za dirko razreda motoGP za VN Italije v doma\u010dem Mugellu. Svojo prevlado je potrdil celo z rekordom dirkali\u0161\u010da 1:43,921 minute. Zatem je \u0161printersko dirko dobil Raul Fernandez, kar mu je uspelo sploh prvi\u010d v elitnem razredu. Bezzecchi je bil samo \u010detrti. V Muggelu po po\u0161kodbi znova dirka Marc Marquez.<\/p>\n<p>                    Kvalifikacije Bezzecchiju<\/p>\n<p>Prva vrsta na nedeljski dirki je rezervirana\u00a0za mo\u0161tvo Aprilie. Marco Bezzecchi je bil\u00a0za 0,244 sekunde hitrej\u0161i od \u0160panca Raula Fernandeza, v prvi vrsti pa bo \u0161tartal tudi prvi izzivalec \u2013\u00a0drugi \u0160panec in mo\u0161tveni kolega Jorge Martin. Bezzecchijev \u010das je bil za 0,248 sekunde hitrej\u0161i od prej\u0161njega rekorda, ki ga je lani postavil Marc Marquez; aktualni prvak motoGP je kon\u010dal \u010detrti, 0,373 sekunde za vodilnim.<\/p>\n<p>Marc Marquez je po spektakularnem padcu v Le Mansu \u0161e vedno po\u0161kodovan in je manjkal prej\u0161nji teden v Barceloni, a se po\u010dasi vra\u010da. Po padcu v Kataloniji pa v Italiji manjka njegov brat Alex Marquez, ki bo nato izpustil tudi VN Mad\u017earske.\u00a0Fabio Di Giannantonio, tretji v skupnem se\u0161tevku in najhitrej\u0161i v vseh treh treningih, je bil sedmi, 0,577 sekunde za rojakom Bezzecchijem.<\/p>\n<p>\u0160print pa Fernandezu<\/p>\n<p><img decoding=\"async\" alt=\" Raul Fernandez je dobil \u0161printersko dirko. | Foto: Reuters\" class=\"article_content__inline_image js_imageLightbox is-clickable\" data-author=\"Reuters\" data-caption=\" Raul Fernandez je dobil \u0161printersko dirko.\" data-height=\"2040\" data-href=\"https:\/\/siol.net\/media\/img\/ba\/87\/19426875714136aed7eb-motogp-muggelo-raul-fernandez.jpeg\" data-width=\"3066\" loading=\"lazy\" src=\"\/media\/img\/6d\/f3\/d0937d8e8e0bc315f85f-motogp-muggelo-raul-fernandez.jpeg\" title=\"motoGP Muggelo Raul Fernandez\"\/><\/p>\n<p>  Raul Fernandez je dobil \u0161printersko dirko.<br \/>\n Foto: Reuters <\/p>\n<p>Za prvo \u0161printersko zmago v karieri, na svojem ra\u010dunu ima tudi eno klasi\u010dno zmago, je Fernandez nekdanjega svetovnega prvaka Martina ugnal za 1,289 sekunde, Di Giannantonio pa je na tretjem mestu zaostal 3,287 sekunde. \u010cetrti je bil z zaostankom 4,481 sekunde Bezzecchi, peti pa aktualni svetovni prvak Marquez. Slednji se v Italiji vra\u010da po po\u0161kodbi rame in noge, potem ko je v za\u010detku meseca grdo padel na veliki nagradi Francije.<\/p>\n<p>Bezzecchi ima po sprintu v skupnem se\u0161tevku 12 to\u010dk prednosti pred mo\u0161tvenim kolegom Martinom (148-136). Blizu je s 123 to\u010dkami tudi Di Giannantonio. Glavna dirka bo v nedeljo ob 14. uri.<\/p>\n","protected":false},"excerpt":{"rendered":"Italijan Marco Bezzecchi, vodilni v skupnem se\u0161tevku svetovnega prvenstva, je bil najhitrej\u0161i na kvalifikacijah za dirko razreda motoGP&hellip;\n","protected":false},"author":2,"featured_media":110271,"comment_status":"","ping_status":"","sticky":false,"template":"","format":"standard","meta":{"footnotes":"","_share_on_mastodon":"0"},"categories":[16],"tags":[4774,3895,15011,3896,4773,3894,31509,62,37,58,60,38,94,93],"class_list":["post-110270","post","type-post","status-publish","format-standard","has-post-thumbnail","category-sport","tag-aprilia","tag-ducati","tag-jorge-martin","tag-marc-marquez","tag-marco-bezzecchi","tag-motogp","tag-mugello","tag-si","tag-slovene","tag-slovenia","tag-slovenija","tag-slovenscina","tag-sport","tag-sports"],"share_on_mastodon":{"url":"https:\/\/pubeurope.com\/@si\/116667655588150456","error":""},"_links":{"self":[{"href":"https:\/\/www.europesays.com\/si\/wp-json\/wp\/v2\/posts\/110270","targetHints":{"allow":["GET"]}}],"collection":[{"href":"https:\/\/www.europesays.com\/si\/wp-json\/wp\/v2\/posts"}],"about":[{"href":"https:\/\/www.europesays.com\/si\/wp-json\/wp\/v2\/types\/post"}],"author":[{"embeddable":true,"href":"https:\/\/www.europesays.com\/si\/wp-json\/wp\/v2\/users\/2"}],"replies":[{"embeddable":true,"href":"https:\/\/www.europesays.com\/si\/wp-json\/wp\/v2\/comments?post=110270"}],"version-history":[{"count":0,"href":"https:\/\/www.europesays.com\/si\/wp-json\/wp\/v2\/posts\/110270\/revisions"}],"wp:featuredmedia":[{"embeddable":true,"href":"https:\/\/www.europesays.com\/si\/wp-json\/wp\/v2\/media\/110271"}],"wp:attachment":[{"href":"https:\/\/www.europesays.com\/si\/wp-json\/wp\/v2\/media?parent=110270"}],"wp:term":[{"taxonomy":"category","embeddable":true,"href":"https:\/\/www.europesays.com\/si\/wp-json\/wp\/v2\/categories?post=110270"},{"taxonomy":"post_tag","embeddable":true,"href":"https:\/\/www.europesays.com\/si\/wp-json\/wp\/v2\/tags?post=110270"}],"curies":[{"name":"wp","href":"https:\/\/api.w.org\/{rel}","templated":true}]}}