{"id":110592,"date":"2026-05-31T12:39:09","date_gmt":"2026-05-31T12:39:09","guid":{"rendered":"https:\/\/www.europesays.com\/si\/110592\/"},"modified":"2026-05-31T12:39:09","modified_gmt":"2026-05-31T12:39:09","slug":"na-nebu-bo-sijal-ze-drugi-scip-v-tem-mesecu-ki-pa-bo-obenem-tudi-mikroluna","status":"publish","type":"post","link":"https:\/\/www.europesays.com\/si\/110592\/","title":{"rendered":"Na nebu bo sijal \u017ee drugi \u0161\u010dip v tem mesecu, ki pa bo obenem tudi mikroluna"},"content":{"rendered":"<p>\t\t\t\t\t\t\t\t<a href=\"https:\/\/www.europesays.com\/si\/wp-content\/uploads\/2026\/05\/67048403.jpg\" itemprop=\"contentUrl\" data-size=\"1200x800\" data-large=\"https:\/\/www.europesays.com\/si\/wp-content\/uploads\/2026\/05\/67048403.jpg\"><br \/>\n\t\t\t\t\t\t\t\t\t<img decoding=\"async\" src=\"https:\/\/www.europesays.com\/si\/wp-content\/uploads\/2026\/05\/67048403.jpg\" title=\"Ta pojav je zelo redek; opazovati ga je mogo\u010de le na dve ali tri leta. Foto: AP\" alt=\"Ta pojav je zelo redek; opazovati ga je mogo\u010de le na dve ali tri leta. Foto: AP\"\/><br \/>\n\t\t\t\t\t\t\t\t<\/a><\/p>\n<p>\t\t\t\t\t\t\t\t\tTa pojav je zelo redek; opazovati ga je mogo\u010de le na dve ali tri leta. Foto: AP<\/p>\n<p>\u010casovni interval med dvema zaporednima polnima lunama je 29 dni in pol. &#8220;Ko se polna luna pojavi na za\u010detku meseca, se torej lahko zgodi, da imamo kar dve polni luni v enem mesecu,&#8221; je za STA pojasnil profesor Igor \u017diberna z oddelka za geografijo mariborske filozofske fakultete.<\/p>\n<p>Oglas<\/p>\n<p>Danes bo tako nebo \u017ee drugi\u010d v mesecu razsvetlila polna luna.<\/p>\n<p>Drugi \u0161\u010dip v istem mesecu nosi tudi ime modra luna, \u010deprav ni nujno, da se Zemljin naravni satelit zdi te barve. Ta pojav pa je zelo redek; opazovati ga je mogo\u010de le na dve ali tri leta. Nekateri menijo, da od tod tudi izvira angle\u0161ka fraza &#8220;Once in a Blue Moon&#8221;, kar pomeni, da se nekaj ne zgodi prav pogosto.<\/p>\n<p>Druga luna v mesecu dni bo tokrat \u0161e bolj posebna, saj je obenem tudi mikroluna. &#8220;Je pojav, ko se Luna, ki je v fazi polne lune, znajde v odzemlju. To pomeni, da je blizu to\u010dke, ko je najbolj oddaljena od Zemlje,&#8221; je razlo\u017eil \u017diberna in dodal, da tega s prostimi o\u010dmi pravzaprav ne zaznamo.<\/p>\n<p>&#8220;Najbolje je, \u010de Luno takrat, ko je mikroluna, fotografiramo in jo primerjamo z njenim nasprotjem superluno 24. novembra ali 24. decembra. Takrat bo Luna bli\u017eje in zato videti ve\u010dja in svetlej\u0161a,&#8221; svetuje. Dodal je, da jo navdu\u0161enci lahko fotografirajo kar s pametnim telefonom, a morajo pri tem paziti, da uporabijo isto gori\u0161\u010dno razdaljo. &#8220;Tako lahko na najbolj prvinski na\u010din do\u017eivimo to, da je Luna enkrat bli\u017eje, drugi\u010d pa dlje od nas,&#8221; je \u0161e poudaril.<\/p>\n<p>Polna luna bo danes ob 10.47 po srednjeevropskem \u010dasu, na najbolj oddaljeni to\u010dki od Zemlje pa bo v ponedeljek ob 9.34 po srednjeevropskem \u010dasu. &#8220;Polna luna bo torej nastopila malo prej, a vseeno bo takrat zelo blizu tiste najbolj oddaljene to\u010dke na elipti\u010dni orbiti okoli Zemlje,&#8221; je povedal strokovnjak.<\/p>\n<p>Podobni mikroluni smo bili pri\u010da \u017ee 1. maja, ko je polna luna nastopila ob 19.25 po srednjeevropskem \u010dasu, na najbolj oddaljeni to\u010dki pa je bila prav tako nekaj ur kasneje.<\/p>\n<p>Oglas<\/p>\n","protected":false},"excerpt":{"rendered":"Ta pojav je zelo redek; opazovati ga je mogo\u010de le na dve ali tri leta. Foto: AP \u010casovni&hellip;\n","protected":false},"author":2,"featured_media":110593,"comment_status":"","ping_status":"","sticky":false,"template":"","format":"standard","meta":{"footnotes":"","_share_on_mastodon":"0"},"categories":[18],"tags":[4831,114,31572,15642,62,37,58,60,38,31571,115,15387],"class_list":["post-110592","post","type-post","status-publish","format-standard","has-post-thumbnail","category-zabava","tag-astronomija","tag-entertainment","tag-mikroluna","tag-polna-luna","tag-si","tag-slovene","tag-slovenia","tag-slovenija","tag-slovenscina","tag-superluna","tag-zabava","tag-zemlja"],"share_on_mastodon":{"url":"https:\/\/pubeurope.com\/@si\/116669236271199216","error":""},"_links":{"self":[{"href":"https:\/\/www.europesays.com\/si\/wp-json\/wp\/v2\/posts\/110592","targetHints":{"allow":["GET"]}}],"collection":[{"href":"https:\/\/www.europesays.com\/si\/wp-json\/wp\/v2\/posts"}],"about":[{"href":"https:\/\/www.europesays.com\/si\/wp-json\/wp\/v2\/types\/post"}],"author":[{"embeddable":true,"href":"https:\/\/www.europesays.com\/si\/wp-json\/wp\/v2\/users\/2"}],"replies":[{"embeddable":true,"href":"https:\/\/www.europesays.com\/si\/wp-json\/wp\/v2\/comments?post=110592"}],"version-history":[{"count":0,"href":"https:\/\/www.europesays.com\/si\/wp-json\/wp\/v2\/posts\/110592\/revisions"}],"wp:featuredmedia":[{"embeddable":true,"href":"https:\/\/www.europesays.com\/si\/wp-json\/wp\/v2\/media\/110593"}],"wp:attachment":[{"href":"https:\/\/www.europesays.com\/si\/wp-json\/wp\/v2\/media?parent=110592"}],"wp:term":[{"taxonomy":"category","embeddable":true,"href":"https:\/\/www.europesays.com\/si\/wp-json\/wp\/v2\/categories?post=110592"},{"taxonomy":"post_tag","embeddable":true,"href":"https:\/\/www.europesays.com\/si\/wp-json\/wp\/v2\/tags?post=110592"}],"curies":[{"name":"wp","href":"https:\/\/api.w.org\/{rel}","templated":true}]}}