{"id":110842,"date":"2026-05-31T17:36:19","date_gmt":"2026-05-31T17:36:19","guid":{"rendered":"https:\/\/www.europesays.com\/si\/110842\/"},"modified":"2026-05-31T17:36:19","modified_gmt":"2026-05-31T17:36:19","slug":"za-nedovoljeno-prenocevanje-razlicne-kazni-nadzornikov-tnp-in-obcinskih-redarjev","status":"publish","type":"post","link":"https:\/\/www.europesays.com\/si\/110842\/","title":{"rendered":"Za nedovoljeno preno\u010devanje razli\u010dne kazni nadzornikov TNP in ob\u010dinskih redarjev"},"content":{"rendered":"<p>Ob tem, ko ob\u010dine z obmo\u010dja Julijskih Alp uvajajo enotne kazni za nedovoljeno preno\u010devanje v vi\u0161ini 500 evrov, se pojavlja neusklajenost z globo, ki je predpisana v TNP. Naravovarstveni nadzornik tako lahko za enak prekr\u0161ek na istem obmo\u010dju izre\u010de 100, ob\u010dinski redar pa 500 evrov kazni.<\/p>\n<p>Ob\u010dine na obmo\u010dju Triglavskega narodnega parka (TNP) in Julijskih Alp se v zadnjih letih soo\u010dajo z vse ve\u010d kr\u0161itvami, zato so \u017eupani Skupnosti Julijskih Alp po lanski spremembi zakona o varstvu javnega reda in miru sklenili letos uvesti enotno globo za nedovoljeno kampiranje v vi\u0161ini 500 evrov. Dosedanje globe, ki so bile pogosto ni\u017eje od cene preno\u010devanja v urejenem kampu, namre\u010d niso odvra\u010dale ljudi od kr\u0161itev.<\/p>\n<p>Nekatere ob\u010dine so ob\u010dinske odloke \u017ee prilagodile, druge bodo to storile na prihajajo\u010dih sejah ob\u010dinskih svetov. Kot je povedal vodja Medob\u010dinskega in\u0161pektorata in redarstva ob\u010din Jesenice, Gorje, Kranjska Gora in \u017dirovnica Gregor Jarkovi\u010d, v ob\u010dinah, ki so \u017ee uvedle spremembe, redarji kr\u0161itelje kaznujejo z novo globo. Se pa redarji na terenu sami odlo\u010dijo, ali kr\u0161itelja samo opozorijo ali ga kaznujejo.<\/p>\n<p>Jarkovi\u010d:\u00a0Prve lastovke nam \u017ee nakazujejo, da bo tudi ta sezona mo\u010dna<\/p>\n<p>Pojasnil je, da v pomladnih mesecih \u017ee obravnavajo primere nedovoljenega preno\u010devanja in kampiranja, vendar \u0161e ne v tak\u0161nem obsegu, kot ga pri\u010dakujejo julija in avgusta. &#8220;Prve lastovke nam \u017ee nakazujejo, da bo tudi ta sezona mo\u010dna,&#8221; je dejal Jarkovi\u010d. Ra\u010duna sicer, da bo povi\u0161anje glob\u00a0vplivalo na zmanj\u0161anje \u0161tevila kr\u0161itev.<\/p>\n<p>&#8220;Vi\u0161ina globe je tista, s katero dr\u017eava ali ob\u010dina sporo\u010da, koliko so ta deviantna dejanja zanjo nesprejemljiva. Ob\u010dine sku\u0161ajo dati jasen signal, da ta dejanja pri nas niso dobrodo\u0161la. Dobrodo\u0161lo je pre\u017eivljanje prostega \u010dasa v kampih, apartmajih in podobnih nastanitvah, kampiranje na \u010drno pa ni sprejemljivo, obremenjujo\u010de je za ob\u010dane in okolje,&#8221; je pojasnil Jarkovi\u010d.<\/p>\n<p>Ob tem se pojavlja vpra\u0161anje, ali bi bilo smiselno, da bi spremembam pri kaznovanju sledil tudi javni zavod\u00a0TNP, saj je veliko nedovoljenega preno\u010devanja tudi na obmo\u010dju\u00a0parka. Za to pa bi bila potrebna prilagoditev zakonodaje, na katero je vezano delovanje naravovarstvenih nadzornikov\u00a0TNP.<\/p>\n<p>Hrovat: Kazen 100 evrov, ki se zmanj\u0161a na 50 evrov, je prenizka<\/p>\n<p>Vodja naravovarstveno nadzorne slu\u017ebe\u00a0TNP\u00a0Sa\u0161o Hrovat je pojasnil, da oni za nedovoljeno preno\u010devanje izre\u010dejo globo v vi\u0161ini 100 evrov. \u010ce nekdo na \u010drno kampira v parku, bo vi\u0161ina kazni zato odvisna od tega, ali ga bo kaznoval naravovarstveni nadzornik ali ob\u010dinski redar.<\/p>\n<p>&#8220;\u010ce gresta v skupni nadzor po dolinah in parkirnih mestih, ki so na obmo\u010dju parka, medob\u010dinski redar in nadzornik\u00a0TNP, bo moral globe izrekati nadzornik in ne redar, saj velja na\u010delo, da so izre\u010dene kazni najmilej\u0161e, kot je predpisano,&#8221; je povedal Hrovat. Druga\u010de je, \u010de nadzornik in redar nista v me\u0161ani patrulji. \u010ce redar sam odkrije kr\u0161itelja, mu izre\u010de kazen po ob\u010dinskem odloku.<\/p>\n<p>Hrovat je prepri\u010dan, da bi bilo treba zakona o\u00a0TNP\u00a0in o ohranjanju narave spremeniti tako, da bi bile kazni za enak potek kr\u0161itve identi\u010dne. Ob tem tudi sam ocenjuje, da je kazen 100 evrov, ki se ob takoj\u0161njem pla\u010dilu zmanj\u0161a na 50 evrov, prenizka. Smiselno se mu zdi, da bi poenotenju ob\u010dinskih odlokov usklajene kazni s spremembo zakonodaje prevzeli tudi v\u00a0TNP.<\/p>\n","protected":false},"excerpt":{"rendered":"Ob tem, ko ob\u010dine z obmo\u010dja Julijskih Alp uvajajo enotne kazni za nedovoljeno preno\u010devanje v vi\u0161ini 500 evrov,&hellip;\n","protected":false},"author":2,"featured_media":110843,"comment_status":"","ping_status":"","sticky":false,"template":"","format":"standard","meta":{"footnotes":"","_share_on_mastodon":"0"},"categories":[6],"tags":[5129,17636,59,61,62,37,58,60,38,16459],"class_list":["post-110842","post","type-post","status-publish","format-standard","has-post-thumbnail","category-slovenija","tag-globa","tag-julijske-alpe","tag-republic-of-slovenia","tag-republika-slovenija","tag-si","tag-slovene","tag-slovenia","tag-slovenija","tag-slovenscina","tag-triglavski-narodni-park"],"share_on_mastodon":{"url":"https:\/\/pubeurope.com\/@si\/116670404208955572","error":""},"_links":{"self":[{"href":"https:\/\/www.europesays.com\/si\/wp-json\/wp\/v2\/posts\/110842","targetHints":{"allow":["GET"]}}],"collection":[{"href":"https:\/\/www.europesays.com\/si\/wp-json\/wp\/v2\/posts"}],"about":[{"href":"https:\/\/www.europesays.com\/si\/wp-json\/wp\/v2\/types\/post"}],"author":[{"embeddable":true,"href":"https:\/\/www.europesays.com\/si\/wp-json\/wp\/v2\/users\/2"}],"replies":[{"embeddable":true,"href":"https:\/\/www.europesays.com\/si\/wp-json\/wp\/v2\/comments?post=110842"}],"version-history":[{"count":0,"href":"https:\/\/www.europesays.com\/si\/wp-json\/wp\/v2\/posts\/110842\/revisions"}],"wp:featuredmedia":[{"embeddable":true,"href":"https:\/\/www.europesays.com\/si\/wp-json\/wp\/v2\/media\/110843"}],"wp:attachment":[{"href":"https:\/\/www.europesays.com\/si\/wp-json\/wp\/v2\/media?parent=110842"}],"wp:term":[{"taxonomy":"category","embeddable":true,"href":"https:\/\/www.europesays.com\/si\/wp-json\/wp\/v2\/categories?post=110842"},{"taxonomy":"post_tag","embeddable":true,"href":"https:\/\/www.europesays.com\/si\/wp-json\/wp\/v2\/tags?post=110842"}],"curies":[{"name":"wp","href":"https:\/\/api.w.org\/{rel}","templated":true}]}}