{"id":110970,"date":"2026-05-31T20:28:15","date_gmt":"2026-05-31T20:28:15","guid":{"rendered":"https:\/\/www.europesays.com\/si\/110970\/"},"modified":"2026-05-31T20:28:15","modified_gmt":"2026-05-31T20:28:15","slug":"huda-nesreca-v-slivnici-pri-mariboru-dva-mrtva","status":"publish","type":"post","link":"https:\/\/www.europesays.com\/si\/110970\/","title":{"rendered":"Huda nesre\u010da v Slivnici pri Mariboru. Dva mrtva!"},"content":{"rendered":"<p>Pono\u010di se je na avtocesti na obmo\u010dju Slivnice pri Mariboru zgodila huda prometna nesre\u010da, v kateri sta umrla dva \u010dloveka. Povzro\u010dil jo je 29-letni voznik, ki je vozil v napa\u010dni smeri vo\u017enje.<\/p>\n<p>Mariborski policisti so bili o nesre\u010di obve\u0161\u010deni ob 00.30. Ugotovili so, da je 29-letni voznik osebnega avtomobila, dr\u017eavljan BiH-a, vozil po avtocesti A1 proti Mariboru v napa\u010dni smeri vo\u017enje.<\/p>\n<p>Tr\u010dil je v osebni avtomobil voznika s sopotnico, ki je pravilno pripeljal iz smeri Maribora proti razcepu Slivnica. V tr\u010denju sta na kraju nesre\u010de umrla dr\u017eavljan BiH-a, ki je sicer bival na \u0160tajerskem, in sopotnica v drugem vozilu, 39-letnica z obmo\u010dja Slovenske Bistrice. 38-letni voznik se je la\u017eje po\u0161kodoval.<\/p>\n<p>Zaradi posledic prometne nesre\u010de so bila po\u0161kodovana \u0161e \u0161tiri druga vozila. Avtocesta je bila zaprta do 5. ure zjutraj.<\/p>\n","protected":false},"excerpt":{"rendered":"Pono\u010di se je na avtocesti na obmo\u010dju Slivnice pri Mariboru zgodila huda prometna nesre\u010da, v kateri sta umrla&hellip;\n","protected":false},"author":2,"featured_media":110971,"comment_status":"","ping_status":"","sticky":false,"template":"","format":"standard","meta":{"footnotes":"","_share_on_mastodon":"0"},"categories":[22],"tags":[731,150,24874,31665,502,62,37,58,60,38,9118],"class_list":["post-110970","post","type-post","status-publish","format-standard","has-post-thumbnail","category-maribor","tag-avtocesta","tag-maribor","tag-mrtvi","tag-napacna-smer","tag-nesreca","tag-si","tag-slovene","tag-slovenia","tag-slovenija","tag-slovenscina","tag-voznja"],"share_on_mastodon":{"url":"https:\/\/pubeurope.com\/@si\/116671080189370650","error":""},"_links":{"self":[{"href":"https:\/\/www.europesays.com\/si\/wp-json\/wp\/v2\/posts\/110970","targetHints":{"allow":["GET"]}}],"collection":[{"href":"https:\/\/www.europesays.com\/si\/wp-json\/wp\/v2\/posts"}],"about":[{"href":"https:\/\/www.europesays.com\/si\/wp-json\/wp\/v2\/types\/post"}],"author":[{"embeddable":true,"href":"https:\/\/www.europesays.com\/si\/wp-json\/wp\/v2\/users\/2"}],"replies":[{"embeddable":true,"href":"https:\/\/www.europesays.com\/si\/wp-json\/wp\/v2\/comments?post=110970"}],"version-history":[{"count":0,"href":"https:\/\/www.europesays.com\/si\/wp-json\/wp\/v2\/posts\/110970\/revisions"}],"wp:featuredmedia":[{"embeddable":true,"href":"https:\/\/www.europesays.com\/si\/wp-json\/wp\/v2\/media\/110971"}],"wp:attachment":[{"href":"https:\/\/www.europesays.com\/si\/wp-json\/wp\/v2\/media?parent=110970"}],"wp:term":[{"taxonomy":"category","embeddable":true,"href":"https:\/\/www.europesays.com\/si\/wp-json\/wp\/v2\/categories?post=110970"},{"taxonomy":"post_tag","embeddable":true,"href":"https:\/\/www.europesays.com\/si\/wp-json\/wp\/v2\/tags?post=110970"}],"curies":[{"name":"wp","href":"https:\/\/api.w.org\/{rel}","templated":true}]}}