{"id":111206,"date":"2026-06-01T04:38:09","date_gmt":"2026-06-01T04:38:09","guid":{"rendered":"https:\/\/www.europesays.com\/si\/111206\/"},"modified":"2026-06-01T04:38:09","modified_gmt":"2026-06-01T04:38:09","slug":"vesela-novica-to-boste-na-pop-tv-gledali-namesto-sova-kmetija","status":"publish","type":"post","link":"https:\/\/www.europesays.com\/si\/111206\/","title":{"rendered":"Vesela novica: To boste na POP TV gledali namesto \u0161ova Kmetija"},"content":{"rendered":"<p>Kaj prihaja na POP TV? Kaj bodo gledalci spremljali namesto \u0161ova Kmetija?<\/p>\n<p>Na POP TV se je zaklju\u010dil \u0161ov<a href=\"https:\/\/top24novice.si\/?s=kmetija\" target=\"_blank\" rel=\"noopener nofollow\"> Kmetija<\/a>. V 12. sezoni zelo priljubljenega \u0161ova je zmago slavila Aleksandra April. Voditeljica Natalija Bratkovi\u010d pa je \u017ee napovedala 13. sezono. \u0160ov Kmetija namre\u010d \u017eanje neverjetne rezultate in uspehe.<\/p>\n<p><img fetchpriority=\"high\" decoding=\"async\" class=\"wp-image-36164 size-full\" src=\"https:\/\/www.europesays.com\/si\/wp-content\/uploads\/2026\/06\/aleks-kmetija1-3.jpg\" alt=\"zmagovalka Aleks v Odiseji\" width=\"2000\" height=\"1333\"  \/>Aleksandra po \u0161ovu Kmetija. (foto: POP TV)<\/p>\n<p>Kot je razkrito, podira rekorde gledanosti. Leto\u0161nja, 12. sezona je pred televizijske ekrane privabila \u0161tevilne gledalce. \u00bbTo je sezona, ki je pred televizijske zaslone \u2013 govorimo o linearni televiziji, o programu POP TV \u2013 privabila vsak ve\u010der vsakega tretjega Slovenca, ki je takrat gledal televizijo. Na VOYO smo presegli devet milijonov ogledov, dru\u017ebena omre\u017eja pa so pokala po \u0161ivih,\u00ab je razkrila voditeljica.<\/p>\n<p>Kaj bo na sporedu namesto Kmetije?<\/p>\n<p>\u0160tevilni gledalci pa se \u017ee spra\u0161ujejo, s \u010dim si bodo sedaj kraj\u0161ali ve\u010dere.<\/p>\n<p>Na POP TV pa sporo\u010dajo veselo novico. Vra\u010da se Gorski zdravnik. \u00bbGorski zdravnik se vra\u010da v 19. sezoni, v kateri ga \u010dakajo te\u017eki primeri, dru\u017einske preizku\u0161nje in bole\u010da soo\u010denja s preteklostjo. Martin mora tokrat pomagati enajstletni Mii, ki po selitvi v Ellmau hudo zboli. Visoka vro\u010dina in burna imunska reakcija ga prisilita v iskanje vzroka. Medtem se Mia boji, da se bo dru\u017eina zaradi lo\u010ditve star\u0161ev dokon\u010dno raz\u0161la, Martin pa sluti, da je v ozadju nekaj resnej\u0161ega,\u00ab so zapisali na POP TV. Ta bo na sporedu od ponedeljka do \u010detrtka, ob 21.15 uri.<\/p>\n<p>Ob 20. uri pa si gledalci lahko ogledajo priljubljeno hrva\u0161ko serijo Botri. Ta pa je a sporedu od ponedeljka do petka.<\/p>\n<p><img loading=\"lazy\" decoding=\"async\" class=\"wp-image-16235 size-full\" src=\"https:\/\/www.europesays.com\/si\/wp-content\/uploads\/2026\/06\/botri-pavza.jpg\" alt=\"hrva\u0161ka serija, Botri, POP TV,\" width=\"1500\" height=\"1200\"  \/>Serija Botri se vra\u010da na POP TV. (foto: POP TV)<\/p>\n","protected":false},"excerpt":{"rendered":"Kaj prihaja na POP TV? Kaj bodo gledalci spremljali namesto \u0161ova Kmetija? Na POP TV se je zaklju\u010dil&hellip;\n","protected":false},"author":2,"featured_media":111207,"comment_status":"","ping_status":"","sticky":false,"template":"","format":"standard","meta":{"footnotes":"","_share_on_mastodon":"0"},"categories":[18],"tags":[10583,114,27612,62,37,58,60,38,31760,115],"class_list":["post-111206","post","type-post","status-publish","format-standard","has-post-thumbnail","category-zabava","tag-botri","tag-entertainment","tag-gorski-zdravnik","tag-si","tag-slovene","tag-slovenia","tag-slovenija","tag-slovenscina","tag-spored-pop-tv","tag-zabava"],"share_on_mastodon":{"url":"https:\/\/pubeurope.com\/@si\/116673006904783358","error":""},"_links":{"self":[{"href":"https:\/\/www.europesays.com\/si\/wp-json\/wp\/v2\/posts\/111206","targetHints":{"allow":["GET"]}}],"collection":[{"href":"https:\/\/www.europesays.com\/si\/wp-json\/wp\/v2\/posts"}],"about":[{"href":"https:\/\/www.europesays.com\/si\/wp-json\/wp\/v2\/types\/post"}],"author":[{"embeddable":true,"href":"https:\/\/www.europesays.com\/si\/wp-json\/wp\/v2\/users\/2"}],"replies":[{"embeddable":true,"href":"https:\/\/www.europesays.com\/si\/wp-json\/wp\/v2\/comments?post=111206"}],"version-history":[{"count":0,"href":"https:\/\/www.europesays.com\/si\/wp-json\/wp\/v2\/posts\/111206\/revisions"}],"wp:featuredmedia":[{"embeddable":true,"href":"https:\/\/www.europesays.com\/si\/wp-json\/wp\/v2\/media\/111207"}],"wp:attachment":[{"href":"https:\/\/www.europesays.com\/si\/wp-json\/wp\/v2\/media?parent=111206"}],"wp:term":[{"taxonomy":"category","embeddable":true,"href":"https:\/\/www.europesays.com\/si\/wp-json\/wp\/v2\/categories?post=111206"},{"taxonomy":"post_tag","embeddable":true,"href":"https:\/\/www.europesays.com\/si\/wp-json\/wp\/v2\/tags?post=111206"}],"curies":[{"name":"wp","href":"https:\/\/api.w.org\/{rel}","templated":true}]}}