{"id":112156,"date":"2026-06-01T19:59:14","date_gmt":"2026-06-01T19:59:14","guid":{"rendered":"https:\/\/www.europesays.com\/si\/112156\/"},"modified":"2026-06-01T19:59:14","modified_gmt":"2026-06-01T19:59:14","slug":"lgl-v-prihodnji-sezoni-vraca-se-osvezena-zvezdica-zaspanka-za-uvod-pa-bikec-ferdinand","status":"publish","type":"post","link":"https:\/\/www.europesays.com\/si\/112156\/","title":{"rendered":"LGL v prihodnji sezoni: vra\u010da se osve\u017eena Zvezdica Zaspanka, za uvod pa Bikec Ferdinand"},"content":{"rendered":"<p>\t\t\t\t\t\t\t\t<a href=\"https:\/\/www.europesays.com\/si\/wp-content\/uploads\/2026\/06\/65256362_lutkovna-predstava-zvezdica-zaspanka-1955.jpg\" itemprop=\"contentUrl\" data-size=\"1200x800\" data-large=\"https:\/\/www.europesays.com\/si\/wp-content\/uploads\/2026\/06\/65256362_lutkovna-predstava-zvezdica-zaspanka-1955.jpg\"><br \/>\n\t\t\t\t\t\t\t\t\t<img decoding=\"async\" src=\"https:\/\/www.europesays.com\/si\/wp-content\/uploads\/2026\/06\/65256362_lutkovna-predstava-zvezdica-zaspanka-1955.jpg\" title=\"Zvezdica Zaspanka je na lutkovnem odru prvi\u010d za\u017eivela leta 1955, po po\u017earu v lutkovni delavnici leta 1972 pa je z njega za dalj \u010dasa tudi izginila. Pre\u017eivela je le njena dvojnica, ki danes domuje v lutkovnem muzeju Sergeja Obrazcova v Moskvi. Leta 2008 so v LGL-ju predstavo po skicah slikarke Mare Kralj znova o\u017eivili, letos pa eno na\u0161ih najbolj priljubljenih predstav s pomlajeno zasedbo ponovno vra\u010dajo na oder. Zvezdica Zaspanka je del muzejskega programa Lutkoteka, namenjenega o\u017eivljanju najstarej\u0161ih lutkovnih predstav. Foto: Lutkovni muzej Ljubljana\" alt=\"Zvezdica Zaspanka je na lutkovnem odru prvi\u010d za\u017eivela leta 1955, po po\u017earu v lutkovni delavnici leta 1972 pa je z njega za dalj \u010dasa tudi izginila. Pre\u017eivela je le njena dvojnica, ki danes domuje v lutkovnem muzeju Sergeja Obrazcova v Moskvi. Leta 2008 so v LGL-ju predstavo po skicah slikarke Mare Kralj znova o\u017eivili, letos pa eno na\u0161ih najbolj priljubljenih predstav s pomlajeno zasedbo ponovno vra\u010dajo na oder. Zvezdica Zaspanka je del muzejskega programa Lutkoteka, namenjenega o\u017eivljanju najstarej\u0161ih lutkovnih predstav. Foto: Lutkovni muzej Ljubljana\"\/><br \/>\n\t\t\t\t\t\t\t\t<\/a><\/p>\n<p>\t\t\t\t\t\t\t\t\tZvezdica Zaspanka je na lutkovnem odru prvi\u010d za\u017eivela leta 1955, po po\u017earu v lutkovni delavnici leta 1972 pa je z njega za dalj \u010dasa tudi izginila. Pre\u017eivela je le njena dvojnica, ki danes domuje v lutkovnem muzeju Sergeja Obrazcova v Moskvi. Leta 2008 so v LGL-ju predstavo po skicah slikarke Mare Kralj znova o\u017eivili, letos pa eno na\u0161ih najbolj priljubljenih predstav s pomlajeno zasedbo ponovno vra\u010dajo na oder. Zvezdica Zaspanka je del muzejskega programa Lutkoteka, namenjenega o\u017eivljanju najstarej\u0161ih lutkovnih predstav. Foto: Lutkovni muzej Ljubljana<\/p>\n<p>Po besedah umetni\u0161ke vodje LGL-ja Martine Mauri\u010d Lazar gre vsebinski razmislek sezone v smeri, da je &#8220;vse v nas in okoli nas v enem samem gibanju&#8221;, v LGL-ju pa si kljub dana\u0161njim zelo nemirnim \u010dasom \u017eelijo, da bi bilo gledali\u0161\u010de prostor miru in varnosti za vsakega novega otroka, ki jih obi\u0161\u010de, in za vsako novo generacijo, ki ji ponujajo svoje vsebine.<\/p>\n<p>Oglas<\/p>\n<p>Sezono bo na Odru pod zvezdami LGL-ja odprla lutkovno-gledali\u0161ka predstava Bikec Ferdinand ameri\u0161kega avtorja Munroja Leafa v re\u017eiji Anje Meja\u010d, ki je sicer tudi plesalka flamenka. Predstava, ki obravnava vpra\u0161anja o pripadnosti, potrebi po zunanji potrditvi in pomenu ljubezni do sebe, bo namenjena starej\u0161im od petih let. Priljubljena zgodba, na kateri temelji predstava, prav letos praznuje 90 let. Takoj po izidu leta 1936 je postala svetovna uspe\u0161nica, zaradi mirovni\u0161kega sporo\u010dila pa so jo prepovedali v fa\u0161isti\u010dni \u0160paniji in nacisti\u010dni Nem\u010diji.<\/p>\n<p>\t\t\t\t\t\t\t\t<a href=\"https:\/\/www.europesays.com\/si\/wp-content\/uploads\/2026\/06\/67048549.jpg\" itemprop=\"contentUrl\" data-size=\"1200x800\" data-large=\"https:\/\/www.europesays.com\/si\/wp-content\/uploads\/2026\/06\/67048549.jpg\"><br \/>\n\t\t\t\t\t\t\t\t\t<img decoding=\"async\" src=\"https:\/\/www.europesays.com\/si\/wp-content\/uploads\/2026\/06\/67048549.jpg\" title=\"Bikec Ferdinand, ki je najraje duhal cvetlice. Avtorica ilustracije: Ma\u0161a P. \u017dmitek\" alt=\"Bikec Ferdinand, ki je najraje duhal cvetlice. Avtorica ilustracije: Ma\u0161a P. \u017dmitek\"\/><br \/>\n\t\t\t\t\t\t\t\t<\/a><\/p>\n<p>\t\t\t\t\t\t\t\t\tBikec Ferdinand, ki je najraje duhal cvetlice. Avtorica ilustracije: Ma\u0161a P. \u017dmitek<\/p>\n<p>V LGL-ju se bodo spomnili tudi 200-letnice rojstva italijanskega avtorja Carla Collodija in zato bodo na odru v cirku\u0161kem okolju novembra premierno uprizorili dru\u017einsko lutkovno-cirku\u0161ko predstavo Ostr\u017eek v re\u017eiji Jana Zakonj\u0161ka (tudi ta bo namenjena starej\u0161im od petih let).<\/p>\n<p>Klasika Franeta Mil\u010dinskega &#8211; Je\u017eka Zvezdica Zaspanka bo v osve\u017eeni uprizoritvi za\u017eivela januarja kot prva premiera prihodnjega leta. Re\u017eijo prevzema Matja\u017e Laboda, k ogledu predstave pa bo na Velikem odru LGL-ja vabila starej\u0161e od \u0161tirih let.<\/p>\n<p>Po na\u010drtih naj bi v sodelovanju s Slovensko kinoteko takrat pripravili tudi predvajanje istoimenskega celove\u010dernega lutkovnega filma iz leta 1965 v re\u017eiji Jo\u017eeta Pengova, ki se podpisuje tudi pod re\u017eijo prve lutkovne razli\u010dice Zvezdice Zaspanke z zgodbo o ljubezni in sr\u010dnosti iz leta 1955. Zvezdica Zaspanka je na odru LGL-ja znova nato za\u017eivela \u0161e leta 2008.<\/p>\n<p>Kaj izrisuje senco?<br \/>Februarja bo na Odru pod zvezdami LGL-ja premiera lutkovno-gibalne drame za starej\u0161e od 12 let Senca, kjer se pod re\u017eijo in koreografijo podpisuje Matja\u017e Fari\u010d. Predstava je osredinjena na pri\u010dakovanja, saj senca, kot je povedal Fari\u010d, velikokrat napoveduje nekaj, kar se bo \u0161ele zgodilo.<\/p>\n<p>\t\t\t\t\t\t\t\t<a href=\"https:\/\/www.europesays.com\/si\/wp-content\/uploads\/2026\/06\/67048550.jpg\" itemprop=\"contentUrl\" data-size=\"1200x800\" data-large=\"https:\/\/www.europesays.com\/si\/wp-content\/uploads\/2026\/06\/67048550.jpg\"><br \/>\n\t\t\t\t\t\t\t\t\t<img decoding=\"async\" src=\"https:\/\/www.europesays.com\/si\/wp-content\/uploads\/2026\/06\/67048550.jpg\" title=\"Kako sta se gospod in gospa pomirila je zgodba o sprejemanju in o tem, kako stopiti v \u017eivahni tok \u017eivljenja, namesto da se pred njim zapiramo. Predstava bo zasnovana v slogu fizi\u010dnega gledali\u0161\u010da in navdihnjena po istoimenski slikanici Miklav\u017ea Komelja. Ilustracija Ma\u0161a P. \u017dmitek\" alt=\"Kako sta se gospod in gospa pomirila je zgodba o sprejemanju in o tem, kako stopiti v \u017eivahni tok \u017eivljenja, namesto da se pred njim zapiramo. Predstava bo zasnovana v slogu fizi\u010dnega gledali\u0161\u010da in navdihnjena po istoimenski slikanici Miklav\u017ea Komelja. Ilustracija Ma\u0161a P. \u017dmitek\"\/><br \/>\n\t\t\t\t\t\t\t\t<\/a><\/p>\n<p>\t\t\t\t\t\t\t\t\tKako sta se gospod in gospa pomirila je zgodba o sprejemanju in o tem, kako stopiti v \u017eivahni tok \u017eivljenja, namesto da se pred njim zapiramo. Predstava bo zasnovana v slogu fizi\u010dnega gledali\u0161\u010da in navdihnjena po istoimenski slikanici Miklav\u017ea Komelja. Ilustracija Ma\u0161a P. \u017dmitek<\/p>\n<p>Gibalna pripovedka Miklav\u017ea Komelja<\/p>\n<p>Za najmlaj\u0161e gledalce, starej\u0161e od treh let, bo v okviru projekta BiTeater in v Kulturnici LGL-ja marca premiera hudomu\u0161ne gibalne pripovedke Miklav\u017ea Komelja Kako sta se gospod in gospa pomirila. Re\u017eiserja zgodbe o sprejemanju sta Alenka Marini\u010d in Justin Durel. Aprila pa najmlaj\u0161im na Malem odru LGL-ja pripravljajo \u0161e lutkovno predstavo na temelju \u0161kotske ljudske pripovedi Zgodba o svetilniku v re\u017eiji Jelene Sitar Cvetko, v ospredju katere je povezanost med \u010dlovekom in naravo.<\/p>\n<p>Sezono 2026\/27 bodo v LGL-ju sklenili z majsko premiero dueta plesalke in lutkarja In Te Res zanima. Predstava na Odru pod zvezdami in v koprodukciji z Dru\u0161tvom Pekinpah nastaja v sodelovanju med plesalko Lejo Juri\u0161i\u0107 in lutkarjem Ga\u0161perjem Malnarjem. Namenjena bo starej\u0161im od 18 let.<\/p>\n<p>Direktor LGL-ja Uro\u0161 Koren\u010dan je prihajajo\u010do sezono ozna\u010dil za razgibano, ob tem pa poudaril skrb Lutkovnega gledali\u0161\u010da Ljubljana za kakovosten program, izrazno raznovrstnost, vsebinsko ustreznost in visoke izvedbene standarde.<\/p>\n<p>Oglas<\/p>\n","protected":false},"excerpt":{"rendered":"Zvezdica Zaspanka je na lutkovnem odru prvi\u010d za\u017eivela leta 1955, po po\u017earu v lutkovni delavnici leta 1972 pa&hellip;\n","protected":false},"author":2,"featured_media":112157,"comment_status":"","ping_status":"","sticky":false,"template":"","format":"standard","meta":{"footnotes":"","_share_on_mastodon":"0"},"categories":[18],"tags":[31952,114,31950,3075,62,37,58,60,38,115,31951],"class_list":["post-112156","post","type-post","status-publish","format-standard","has-post-thumbnail","category-zabava","tag-bikec-ferdinand","tag-entertainment","tag-lgl","tag-lutke","tag-si","tag-slovene","tag-slovenia","tag-slovenija","tag-slovenscina","tag-zabava","tag-zvezdica-zaspanka"],"share_on_mastodon":{"url":"https:\/\/pubeurope.com\/@si\/116676628889853013","error":""},"_links":{"self":[{"href":"https:\/\/www.europesays.com\/si\/wp-json\/wp\/v2\/posts\/112156","targetHints":{"allow":["GET"]}}],"collection":[{"href":"https:\/\/www.europesays.com\/si\/wp-json\/wp\/v2\/posts"}],"about":[{"href":"https:\/\/www.europesays.com\/si\/wp-json\/wp\/v2\/types\/post"}],"author":[{"embeddable":true,"href":"https:\/\/www.europesays.com\/si\/wp-json\/wp\/v2\/users\/2"}],"replies":[{"embeddable":true,"href":"https:\/\/www.europesays.com\/si\/wp-json\/wp\/v2\/comments?post=112156"}],"version-history":[{"count":0,"href":"https:\/\/www.europesays.com\/si\/wp-json\/wp\/v2\/posts\/112156\/revisions"}],"wp:featuredmedia":[{"embeddable":true,"href":"https:\/\/www.europesays.com\/si\/wp-json\/wp\/v2\/media\/112157"}],"wp:attachment":[{"href":"https:\/\/www.europesays.com\/si\/wp-json\/wp\/v2\/media?parent=112156"}],"wp:term":[{"taxonomy":"category","embeddable":true,"href":"https:\/\/www.europesays.com\/si\/wp-json\/wp\/v2\/categories?post=112156"},{"taxonomy":"post_tag","embeddable":true,"href":"https:\/\/www.europesays.com\/si\/wp-json\/wp\/v2\/tags?post=112156"}],"curies":[{"name":"wp","href":"https:\/\/api.w.org\/{rel}","templated":true}]}}