{"id":113342,"date":"2026-06-02T18:27:08","date_gmt":"2026-06-02T18:27:08","guid":{"rendered":"https:\/\/www.europesays.com\/si\/113342\/"},"modified":"2026-06-02T18:27:08","modified_gmt":"2026-06-02T18:27:08","slug":"infantino-podelil-nagrado-za-mir-trumpu-norvezani-zahtevajo-preiskavo","status":"publish","type":"post","link":"https:\/\/www.europesays.com\/si\/113342\/","title":{"rendered":"Infantino podelil nagrado za mir Trumpu, Norve\u017eani zahtevajo preiskavo"},"content":{"rendered":"<p>Norve\u0161ka nogometna zveza (NFF) bo zahtevala preiskavo okoli\u0161\u010din podelitve nagrade za mir, ki jo je predsednik krovne nogometne zveze Fife Gianni Infantino decembra lani podelil ameri\u0161kemu predsedniku Donaldu Trumpu, poro\u010da francoska tiskovna agencija AFP.<\/p>\n<p>Predsednik Fife Gianni Infantino je nagrado podelil lani decembra v ZDA na \u017erebu skupin za svetovno prvenstvo, ki se bo kmalu za\u010delo v ZDA, Mehiki in Kanadi.<\/p>\n<p>\u017de kmalu po podelitvi nagrade se je na Fifo prito\u017eila britanska organizacija za \u010dlovekove pravice FairSquare, ki se med drugim ukvarja s \u0161portno politiko in pravicami delavcev. Infantina je obto\u017eila kr\u0161itve politi\u010dne nevtralnosti, pa tudi, da je zaradi svojega odnosa s Trumpom kr\u0161il eti\u010dni kodeks krovne nogometne organizacije.<\/p>\n<p>Norve\u0161ka zveza\u00a0poslala\u00a0prito\u017ebo na Fifo<\/p>\n<p>Zdaj so se za podoben korak odlo\u010dili tudi pri norve\u0161ki zvezi NFF. Pisno so zaprosili eti\u010dno komisijo Fife, naj preveri, ali je bila podelitev nagrade skladna s pravili krovne zveze. Fifa namre\u010d nikoli ni pojasnila ozadja podeljevanja te nagrade oziroma kriterijev, po katerih so se odlo\u010dili za ameri\u0161kega predsednika, pojasnjuje AFP.<\/p>\n<p><img decoding=\"async\" alt=\"Gianni Infantino Donald Trump Emir Sheikh Tamim bin Hamad Al Thani | Foto: Guliverimage\" class=\"article_content__inline_image js_imageLightbox is-clickable\" data-author=\"Guliverimage\" data-caption=\"\" data-height=\"1739\" data-href=\"https:\/\/siol.net\/media\/img\/d1\/cc\/83f9c549286b4a3246ea-gianni-infantino-donald-trump-emir-sheikh-tamim-bin-hamad-al-thani.jpeg\" data-width=\"2609\" loading=\"lazy\" src=\"\/media\/img\/59\/b5\/da0a75368bbb113c1141-gianni-infantino-donald-trump-emir-sheikh-tamim-bin-hamad-al-thani.jpeg\" title=\"Gianni Infantino Donald Trump Emir Sheikh Tamim bin Hamad Al Thani\"\/><\/p>\n<p> Foto: Guliverimage <\/p>\n<p>Predsednica NFF Lise Klaveness, je med dana\u0161njim sre\u010danjem z novinarji potrdila, da so na zvezi poslali prito\u017ebo na Fifo. &#8220;Zaprosili smo eti\u010dno komisijo, da primer razi\u0161\u010de javno. Pa tudi, da nas obvesti, \u010de se za to ne bo odlo\u010dila. Skrbijo nas pravni vidiki podeljevanja nagrade,&#8221; je dejala Klaveness.<\/p>\n<p>Dodala je, da so se za zdaj pri norve\u0161ki zvezi odlo\u010dili za samostojno prito\u017ebo, lahko pa se ji pridru\u017eijo tudi druge nogometne zveze, \u010dlanice Fife: &#8220;Nismo \u017eeleli ustvarjati pritiska na kogarkoli, to bi samo izzvalo napetosti.&#8221;<\/p>\n","protected":false},"excerpt":{"rendered":"Norve\u0161ka nogometna zveza (NFF) bo zahtevala preiskavo okoli\u0161\u010din podelitve nagrade za mir, ki jo je predsednik krovne nogometne&hellip;\n","protected":false},"author":2,"featured_media":21393,"comment_status":"","ping_status":"","sticky":false,"template":"","format":"standard","meta":{"footnotes":"","_share_on_mastodon":"0"},"categories":[16],"tags":[409,32203,1377,3348,32202,62,37,58,60,38,11282,15547,94,93],"class_list":["post-113342","post","type-post","status-publish","format-standard","has-post-thumbnail","category-sport","tag-donald-trump","tag-fairsquare","tag-fifa","tag-gianni-infantino","tag-lise-klaveness","tag-si","tag-slovene","tag-slovenia","tag-slovenija","tag-slovenscina","tag-sp-2026","tag-sp-2026-v-nogometu","tag-sport","tag-sports"],"share_on_mastodon":{"url":"https:\/\/pubeurope.com\/@si\/116681929303883238","error":""},"_links":{"self":[{"href":"https:\/\/www.europesays.com\/si\/wp-json\/wp\/v2\/posts\/113342","targetHints":{"allow":["GET"]}}],"collection":[{"href":"https:\/\/www.europesays.com\/si\/wp-json\/wp\/v2\/posts"}],"about":[{"href":"https:\/\/www.europesays.com\/si\/wp-json\/wp\/v2\/types\/post"}],"author":[{"embeddable":true,"href":"https:\/\/www.europesays.com\/si\/wp-json\/wp\/v2\/users\/2"}],"replies":[{"embeddable":true,"href":"https:\/\/www.europesays.com\/si\/wp-json\/wp\/v2\/comments?post=113342"}],"version-history":[{"count":0,"href":"https:\/\/www.europesays.com\/si\/wp-json\/wp\/v2\/posts\/113342\/revisions"}],"wp:featuredmedia":[{"embeddable":true,"href":"https:\/\/www.europesays.com\/si\/wp-json\/wp\/v2\/media\/21393"}],"wp:attachment":[{"href":"https:\/\/www.europesays.com\/si\/wp-json\/wp\/v2\/media?parent=113342"}],"wp:term":[{"taxonomy":"category","embeddable":true,"href":"https:\/\/www.europesays.com\/si\/wp-json\/wp\/v2\/categories?post=113342"},{"taxonomy":"post_tag","embeddable":true,"href":"https:\/\/www.europesays.com\/si\/wp-json\/wp\/v2\/tags?post=113342"}],"curies":[{"name":"wp","href":"https:\/\/api.w.org\/{rel}","templated":true}]}}