{"id":113567,"date":"2026-06-02T23:16:07","date_gmt":"2026-06-02T23:16:07","guid":{"rendered":"https:\/\/www.europesays.com\/si\/113567\/"},"modified":"2026-06-02T23:16:07","modified_gmt":"2026-06-02T23:16:07","slug":"nekdanji-trumpov-svetovalec-placani-lobist-republike-srbske-2","status":"publish","type":"post","link":"https:\/\/www.europesays.com\/si\/113567\/","title":{"rendered":"Nekdanji Trumpov svetovalec pla\u010dani lobist Republike Srbske"},"content":{"rendered":"<p>Nekdanji svetovalec za nacionalno varnost ZDA, upokojeni general Michael Flynn je pla\u010dani lobist Republike Srbske, za kar dobiva sto tiso\u010d dolarjev na mesec, poro\u010dajo ameri\u0161ki in drugi mediji.<\/p>\n<p>Prvi je o tem pred mesecem dni poro\u010dal konservativni novinar Scott McMahan, ki je nato v ponedeljek potrdil, da se je Flynn uradno prijavil kot lobist Republike Srbske pri uradu za registracijo tujih agentov ministrstva za pravosodje ZDA.<\/p>\n<p>Flynn je moral v \u010dasu prvega Trumpovega mandata hitro zapustiti polo\u017eaj, ko je v \u010dasu preiskave o ruskem vpletanju v volitve priznal, da je preiskovalcem FBI lagal glede svojih stikov z ruskimi uradniki. Trump ga je pomilostil, povrhu je dobil od\u0161kodnino po to\u017ebi, ki jo je druga Trumpova vlada poravnala.<\/p>\n<p>Marca obiskal Banjaluko in kritiziral EU<\/p>\n<p>Srbska entiteta BiH naj bi od Flynna dobivala strate\u0161ke nasvete in povezave z uradniki Trumpove vlade. Tudi po zaslugi njegovih prizadevanj\u00a0je Washington lani ukinila sankcije proti nekdanjemu predsedniku Republike Srbske Miloradu Dodiku, poro\u010da Politico.<\/p>\n<p>Flynn je marca letos obiskal Banjaluko in na tamkaj\u0161nji televiziji kritiziral EU. Po pisanju Guardiana je izjavil tudi, da islam ni vera, ampak politi\u010dna filozofija.<\/p>\n","protected":false},"excerpt":{"rendered":"Nekdanji svetovalec za nacionalno varnost ZDA, upokojeni general Michael Flynn je pla\u010dani lobist Republike Srbske, za kar dobiva&hellip;\n","protected":false},"author":2,"featured_media":113568,"comment_status":"","ping_status":"","sticky":false,"template":"","format":"standard","meta":{"footnotes":"","_share_on_mastodon":"0"},"categories":[8],"tags":[409,9278,32266,11964,37,38,64,63,404],"class_list":["post-113567","post","type-post","status-publish","format-standard","has-post-thumbnail","category-svet","tag-donald-trump","tag-lobiranje","tag-michael-flynn","tag-republika-srbska","tag-slovene","tag-slovenscina","tag-svet","tag-world","tag-zda"],"share_on_mastodon":{"url":"https:\/\/pubeurope.com\/@si\/116683065754051407","error":""},"_links":{"self":[{"href":"https:\/\/www.europesays.com\/si\/wp-json\/wp\/v2\/posts\/113567","targetHints":{"allow":["GET"]}}],"collection":[{"href":"https:\/\/www.europesays.com\/si\/wp-json\/wp\/v2\/posts"}],"about":[{"href":"https:\/\/www.europesays.com\/si\/wp-json\/wp\/v2\/types\/post"}],"author":[{"embeddable":true,"href":"https:\/\/www.europesays.com\/si\/wp-json\/wp\/v2\/users\/2"}],"replies":[{"embeddable":true,"href":"https:\/\/www.europesays.com\/si\/wp-json\/wp\/v2\/comments?post=113567"}],"version-history":[{"count":0,"href":"https:\/\/www.europesays.com\/si\/wp-json\/wp\/v2\/posts\/113567\/revisions"}],"wp:featuredmedia":[{"embeddable":true,"href":"https:\/\/www.europesays.com\/si\/wp-json\/wp\/v2\/media\/113568"}],"wp:attachment":[{"href":"https:\/\/www.europesays.com\/si\/wp-json\/wp\/v2\/media?parent=113567"}],"wp:term":[{"taxonomy":"category","embeddable":true,"href":"https:\/\/www.europesays.com\/si\/wp-json\/wp\/v2\/categories?post=113567"},{"taxonomy":"post_tag","embeddable":true,"href":"https:\/\/www.europesays.com\/si\/wp-json\/wp\/v2\/tags?post=113567"}],"curies":[{"name":"wp","href":"https:\/\/api.w.org\/{rel}","templated":true}]}}