{"id":113810,"date":"2026-06-03T06:16:11","date_gmt":"2026-06-03T06:16:11","guid":{"rendered":"https:\/\/www.europesays.com\/si\/113810\/"},"modified":"2026-06-03T06:16:11","modified_gmt":"2026-06-03T06:16:11","slug":"doncic-podcrtal-bivsega-soigralca-zdaj-je-na-potezi-los-angeles","status":"publish","type":"post","link":"https:\/\/www.europesays.com\/si\/113810\/","title":{"rendered":"Don\u010di\u0107 pod\u010drtal biv\u0161ega soigralca, zdaj je na potezi Los Angeles"},"content":{"rendered":"<p>Ogled tekem konferen\u010dnega finala vodstvu Los Angelesa in <a href=\"https:\/\/www.delo.si\/tag\/luka-doncic\" target=\"_blank\" rel=\"nofollow noopener\">Luki Don\u010di\u0107u<\/a> ni prinesel ni\u010d, \u010desar ne bi \u017ee vedeli. <a href=\"https:\/\/www.delo.si\/sport\/kosarka\/prvaki-so-na-kolenih-wemby-bo-gasil-pozar-v-new-yorku\" target=\"_blank\" rel=\"nofollow noopener\">Victorja Wembanyamo<\/a> in soigralce bo v prihodnjih letih zelo te\u017eko premagati, a to ne pomeni, da konkurenca ne bo poskusila. Za boj s Francozom pa Lakers potrebujejo udarnega centra.<\/p>\n<p>Ve\u010d ameri\u0161kih novinarjev, ki podrobno spremljajo dogajanje v Los Angelesu, je poro\u010dalo, da si Don\u010di\u0107 znova \u017eeli zaigrati z Danielom Gaffordom, Lakers pa \u017eelijo kopirati na\u010drt Dallasa iz sezone 2024 in okrog Ljubljan\u010dana zgraditi izbolj\u0161ano razli\u010dico mo\u0161tva, ki je pri\u0161lo do finala lige NBA.<\/p>\n<p>Gafford je imel v minuli sezoni veliko zdravstvenih te\u017eav, ko je na voljo, je center, ki se dobro znajde nad obro\u010dem in pobira odbite \u017eoge, Don\u010di\u0107 bi mu lahko metal visoke podaje nad ko\u0161 in tako sprostil tudi prostor za svoje prodore. Novinar ESPN je poro\u010dal, da naj bi bili Lakers v zameno za usluge Gafforda pripravljeni v Dallas poslati Jarreda Vanderbilta, Daltona Knechta in 25. izbor na naboru.<\/p>\n<p><img decoding=\"async\" class=\"article__img-tag-visible\" src=\"https:\/\/www.europesays.com\/si\/wp-content\/uploads\/2026\/06\/3251362.width-660.format-webp.webp\" alt=\"Gafford je bil nekaj \u010dasa v igri tudi za slovenski potni list, nato je sledila Don\u010di\u0107eva menjava v Los Angeles. FOTO:\u00a0Kevin Jairaj\/Reuters\" img_id=\"9235862\" data-img-id=\"9235862\"\/><\/p>\n<p>Gafford je bil nekaj \u010dasa v igri tudi za slovenski potni list, nato je sledila Don\u010di\u0107eva menjava v Los Angeles. FOTO:\u00a0Kevin Jairaj\/Reuters<\/p>\n<p>Vpra\u0161anje je, \u010de bi to bilo dovolj za Dallas, po drugi strani pa kaj dosti ve\u010d Lakers niti ne morejo ponuditi. V kolikor bi se vodstvo odlo\u010dilo za druga\u010den na\u010din grajenja mo\u0161tva in pomladitev ter bi izkoristilo 25. izbor na naboru, pa naj bi bili osredoto\u010deni na Alexa Karabana. Visok krilni igralec in odli\u010dni strelec z univerze v Connecticutu je v Los Angelesu \u017ee bil na preizku\u0161nji.<\/p>\n<p>V naslednjih dneh se bo dogajanje na ko\u0161arkarski tr\u017enici okrepilo, nabor bo na vrsti 24. junija.<\/p>\n","protected":false},"excerpt":{"rendered":"Ogled tekem konferen\u010dnega finala vodstvu Los Angelesa in Luki Don\u010di\u0107u ni prinesel ni\u010d, \u010desar ne bi \u017ee vedeli.&hellip;\n","protected":false},"author":2,"featured_media":113811,"comment_status":"","ping_status":"","sticky":false,"template":"","format":"standard","meta":{"footnotes":"","_share_on_mastodon":"0"},"categories":[16],"tags":[32352,344,341,879,342,62,37,58,60,38,94,93],"class_list":["post-113810","post","type-post","status-publish","format-standard","has-post-thumbnail","category-sport","tag-daniel-gafford","tag-kosarka","tag-liga-nba","tag-los-angeles-lakers","tag-luka-doncic","tag-si","tag-slovene","tag-slovenia","tag-slovenija","tag-slovenscina","tag-sport","tag-sports"],"share_on_mastodon":{"url":"https:\/\/pubeurope.com\/@si\/116684717187882358","error":""},"_links":{"self":[{"href":"https:\/\/www.europesays.com\/si\/wp-json\/wp\/v2\/posts\/113810","targetHints":{"allow":["GET"]}}],"collection":[{"href":"https:\/\/www.europesays.com\/si\/wp-json\/wp\/v2\/posts"}],"about":[{"href":"https:\/\/www.europesays.com\/si\/wp-json\/wp\/v2\/types\/post"}],"author":[{"embeddable":true,"href":"https:\/\/www.europesays.com\/si\/wp-json\/wp\/v2\/users\/2"}],"replies":[{"embeddable":true,"href":"https:\/\/www.europesays.com\/si\/wp-json\/wp\/v2\/comments?post=113810"}],"version-history":[{"count":0,"href":"https:\/\/www.europesays.com\/si\/wp-json\/wp\/v2\/posts\/113810\/revisions"}],"wp:featuredmedia":[{"embeddable":true,"href":"https:\/\/www.europesays.com\/si\/wp-json\/wp\/v2\/media\/113811"}],"wp:attachment":[{"href":"https:\/\/www.europesays.com\/si\/wp-json\/wp\/v2\/media?parent=113810"}],"wp:term":[{"taxonomy":"category","embeddable":true,"href":"https:\/\/www.europesays.com\/si\/wp-json\/wp\/v2\/categories?post=113810"},{"taxonomy":"post_tag","embeddable":true,"href":"https:\/\/www.europesays.com\/si\/wp-json\/wp\/v2\/tags?post=113810"}],"curies":[{"name":"wp","href":"https:\/\/api.w.org\/{rel}","templated":true}]}}