{"id":113814,"date":"2026-06-03T06:19:11","date_gmt":"2026-06-03T06:19:11","guid":{"rendered":"https:\/\/www.europesays.com\/si\/113814\/"},"modified":"2026-06-03T06:19:11","modified_gmt":"2026-06-03T06:19:11","slug":"nekdanji-trumpov-svetovalec-za-lobiranje-republike-srbske-prejema-100-000-dolarjev-mesecno","status":"publish","type":"post","link":"https:\/\/www.europesays.com\/si\/113814\/","title":{"rendered":"Nekdanji Trumpov svetovalec za lobiranje Republike Srbske prejema 100.000 dolarjev mese\u010dno"},"content":{"rendered":"<p>\t\t\t\t\t\t\t\t<a href=\"https:\/\/www.europesays.com\/si\/wp-content\/uploads\/2026\/06\/67049253.jpg\" itemprop=\"contentUrl\" data-size=\"1200x800\" data-large=\"https:\/\/www.europesays.com\/si\/wp-content\/uploads\/2026\/06\/67049253.jpg\"><br \/>\n\t\t\t\t\t\t\t\t\t<img decoding=\"async\" src=\"https:\/\/www.europesays.com\/si\/wp-content\/uploads\/2026\/06\/67049253.jpg\" title=\"Nekdanji svetovalec za nacionalno varnost Michael Flynn ob prihodu na zvezno sodi\u0161\u010de v Washingtonu, DC. V ozadju protestnik z napisom \" putinova=\"\" foto:=\"\" alt=\"Nekdanji svetovalec za nacionalno varnost Michael Flynn ob prihodu na zvezno sodi\u0161\u010de v Washingtonu, DC. V ozadju protestnik z napisom \"\/><br \/>\n\t\t\t\t\t\t\t\t<\/a><\/p>\n<p>\t\t\t\t\t\t\t\t\tNekdanji svetovalec za nacionalno varnost Michael Flynn ob prihodu na zvezno sodi\u0161\u010de v Washingtonu, DC. V ozadju protestnik z napisom &#8220;Putinova marioneta?&#8221;. Foto: EPA<\/p>\n<p>Prvi je o tem pred mesecem dni poro\u010dal konservativni novinar Scott McMahan, ki je nato v ponedeljek potrdil, da se je Flynn uradno prijavil kot lobist Republike Srbske pri uradu za registracijo tujih agentov ministrstva za pravosodje ZDA.<\/p>\n<p>Oglas<\/p>\n<p>Flynn je moral v \u010dasu prvega Trumpovega mandata hitro zapustiti polo\u017eaj, ko je v \u010dasu preiskave o ruskem vpletanju v volitve priznal, da je preiskovalcem FBI-ja lagal glede svojih stikov z ruskimi uradniki. Trump ga je pomilostil, povrhu je dobil od\u0161kodnino po to\u017ebi, ki jo je druga Trumpova vlada poravnala.<\/p>\n<p>Srbska entiteta BiH-a naj bi od Flynna dobivala strate\u0161ke nasvete in povezave z uradniki vlade ameri\u0161kega predsednika Donalda Trumpa. Tudi po zaslugi njegovih prizadevanj je Washington lani ukinil sankcije proti nekdanjemu predsedniku Republike Srbske Miloradu Dodiku, poro\u010da Politico.<\/p>\n<p>Flynn je marca letos obiskal Banjaluko in na tamkaj\u0161nji televiziji kritiziral EU. Po pisanju Guardiana je izjavil tudi, da islam ni vera, ampak politi\u010dna filozofija.<\/p>\n<p>Oglas<\/p>\n","protected":false},"excerpt":{"rendered":"Nekdanji svetovalec za nacionalno varnost Michael Flynn ob prihodu na zvezno sodi\u0161\u010de v Washingtonu, DC. V ozadju protestnik&hellip;\n","protected":false},"author":2,"featured_media":113815,"comment_status":"","ping_status":"","sticky":false,"template":"","format":"standard","meta":{"footnotes":"","_share_on_mastodon":"0"},"categories":[3],"tags":[65,66,10406,32266,11964,930,37,38,32353],"class_list":["post-113814","post","type-post","status-publish","format-standard","has-post-thumbnail","category-evropa","tag-europe","tag-evropa","tag-lobist","tag-michael-flynn","tag-republika-srbska","tag-sankcije","tag-slovene","tag-slovenscina","tag-trumpov-svetovalec"],"share_on_mastodon":{"url":"https:\/\/pubeurope.com\/@si\/116684729042250869","error":""},"_links":{"self":[{"href":"https:\/\/www.europesays.com\/si\/wp-json\/wp\/v2\/posts\/113814","targetHints":{"allow":["GET"]}}],"collection":[{"href":"https:\/\/www.europesays.com\/si\/wp-json\/wp\/v2\/posts"}],"about":[{"href":"https:\/\/www.europesays.com\/si\/wp-json\/wp\/v2\/types\/post"}],"author":[{"embeddable":true,"href":"https:\/\/www.europesays.com\/si\/wp-json\/wp\/v2\/users\/2"}],"replies":[{"embeddable":true,"href":"https:\/\/www.europesays.com\/si\/wp-json\/wp\/v2\/comments?post=113814"}],"version-history":[{"count":0,"href":"https:\/\/www.europesays.com\/si\/wp-json\/wp\/v2\/posts\/113814\/revisions"}],"wp:featuredmedia":[{"embeddable":true,"href":"https:\/\/www.europesays.com\/si\/wp-json\/wp\/v2\/media\/113815"}],"wp:attachment":[{"href":"https:\/\/www.europesays.com\/si\/wp-json\/wp\/v2\/media?parent=113814"}],"wp:term":[{"taxonomy":"category","embeddable":true,"href":"https:\/\/www.europesays.com\/si\/wp-json\/wp\/v2\/categories?post=113814"},{"taxonomy":"post_tag","embeddable":true,"href":"https:\/\/www.europesays.com\/si\/wp-json\/wp\/v2\/tags?post=113814"}],"curies":[{"name":"wp","href":"https:\/\/api.w.org\/{rel}","templated":true}]}}