{"id":113885,"date":"2026-06-03T07:40:10","date_gmt":"2026-06-03T07:40:10","guid":{"rendered":"https:\/\/www.europesays.com\/si\/113885\/"},"modified":"2026-06-03T07:40:10","modified_gmt":"2026-06-03T07:40:10","slug":"bolnisnica-novo-mesto-je-direktorica-dan-zena-izkoristila-za-promocijo-svoje-stranke","status":"publish","type":"post","link":"https:\/\/www.europesays.com\/si\/113885\/","title":{"rendered":"Bolni\u0161nica Novo mesto: Je direktorica dan \u017eena izkoristila za promocijo svoje stranke?"},"content":{"rendered":"<p style=\"text-align: justify;\">V uredni\u0161tvo smo prejeli informacijo, da naj bi zaposleni v Splo\u0161ni bolni\u0161nici Novo mesto, sicer \u010dlani SD, v \u010dasu slu\u017ebe \u017ee od jutra vsem zaposlenim \u017eenskam delili rde\u010de nageljne z logotipom SD \u2013 ob dnevu \u017eena.\u00a0<\/p>\n<p style=\"text-align: justify;\">Direktorica Splo\u0161ne bolni\u0161nice Novo mesto Milena Kramar Zupan je \u010dlanica Socialnih demokratov. Svoje pripadnosti v javnosti, zlasti na dru\u017ebenih omre\u017ejih, niti ne skriva. Zlasti na njenem Facebook profilu je kar \u201cprecej rde\u010dega\u201d.<\/p>\n<p> Preberite \u0161e: <a href=\"https:\/\/nova24tv.si\/novo-mesto-v-bolnisnici-razresili-znanega-ortopeda-pomeni-to-razpad-oddelka\/\" rel=\"nofollow noopener\" target=\"_blank\">Novo mesto: V bolni\u0161nici razre\u0161ili znanega ortopeda \u2013 pomeni to razpad oddelka?<\/a><\/p>\n<p style=\"text-align: justify;\">Svojo pripadnost o\u010ditno tako mo\u010dno do\u017eivlja, da pogosto ne lo\u010duje med tem, kar so njena osebna stali\u0161\u010da, in tem, kaj je profesionalno delovno okolje.<\/p>\n<p style=\"text-align: justify;\">\u201cVsak dan je 8. marec. Voli SD.\u201d<\/p>\n<p style=\"text-align: justify;\">V uredni\u0161tvo smo prejeli informacijo, da so danes po njenem naro\u010dilu zaposleni, sicer \u010dlani SD, \u017ee od jutra vsem zaposlenim \u017eenskam delili rde\u010de nageljne.<\/p>\n<p style=\"text-align: justify;\">Na vsakem nageljnu naj bi bil tudi logotip stranke SD oziroma nalepka z napisom: \u201cVsak dan je 8. marec. Voli SD.\u201d\u00a0<\/p>\n<p style=\"text-align: justify;\">Prepri\u010dani smo, da gre za \u010disto zlorabo polo\u017eaja. Na bolni\u0161nico in direktorico smo naslovili vpra\u0161anje za pojasnilo ter tudi vpra\u0161anje, kdo krije stro\u0161ke za 1300 ro\u017e.<\/p>\n<p style=\"text-align: justify\">Odgovor direktorice Kramar Zupan: \u201c\u010ce je kdo izmed zaposlenih delil cvetje, je to izklju\u010dno njegova osebna stvar. Sama osebno nimam ni\u010d s tem, niti bolni\u0161nica. Vodstvo vsako leto po\u0161lje zaposlenim zgolj \u010destitko po mailu iz tajni\u0161tva bolni\u0161nice \u2026\u201d<\/p>\n<p style=\"text-align: justify\">Dodala je \u0161e, da je \u017ee od v\u010deraj na Zdravstvenem forumu v Bernardinu, kjer so SB Novo mesto prejeli nagrado najbolj\u0161e prakse v zdravstvu 2025. Dodala je \u0161e, da ne ve, o \u010dem govorimo \u2026<\/p>\n<p><img fetchpriority=\"high\" decoding=\"async\" class=\"wp-image-966710 size-full\" src=\"https:\/\/www.europesays.com\/si\/wp-content\/uploads\/2026\/06\/Odgovori-direktorice-SB-NM-Milene-Kramar-Zupan--scaled.jpg.webp\" alt=\"\" width=\"2560\" height=\"1232\"  \/>Odgovori direktorice SB NM Milene Kramar Zupan (Foto: Fb, zajem zaslona)<\/p>\n<p style=\"text-align: justify;\">Spomnimo, da gre za bolni\u0161nico, ki je decembra lani v medijih \u017ee dvignila precej prahu \u2013 zaradi sporne razre\u0161itve ortopeda Gregorja Kav\u010di\u010da, ki se mu je o\u010ditalo umetno podalj\u0161evanje \u010dakalnih vrst in hkratno preusmerjanje pacientov v zasebni zavod, kjer jih je operiral.<\/p>\n<p style=\"text-align: justify;\">Odgovor Splo\u0161ne bolni\u0161nice Novo mesto: \u201cV prilogi vam po\u0161iljamo sporo\u010dilo za javnost o uspehu Splo\u0161ne bolni\u0161nice Novo mesto na Zdravstvenem razvojnem forumu, iz katerega je razvidno, da aktivnosti, po kateri spra\u0161ujete, direktorica bolni\u0161nice ni ne organizirala, ne izvajala.\u201d<\/p>\n<p style=\"text-align: justify;\">Domen Mezeg<\/p>\n","protected":false},"excerpt":{"rendered":"V uredni\u0161tvo smo prejeli informacijo, da naj bi zaposleni v Splo\u0161ni bolni\u0161nici Novo mesto, sicer \u010dlani SD, v&hellip;\n","protected":false},"author":2,"featured_media":113886,"comment_status":"","ping_status":"","sticky":false,"template":"","format":"standard","meta":{"footnotes":"","_share_on_mastodon":"0"},"categories":[27],"tags":[4629,3906,32365,181,32366,32367,32368,2225,62,37,58,60,38,11223,28744,3047],"class_list":["post-113885","post","type-post","status-publish","format-standard","has-post-thumbnail","category-novo-mesto","tag-dan-zena","tag-gregor-kavcic","tag-milena-kramar-zupan","tag-novo-mesto","tag-predvolilna-promocija","tag-predvolilna-propaganda","tag-rdeci-nageljni","tag-sd","tag-si","tag-slovene","tag-slovenia","tag-slovenija","tag-slovenscina","tag-socialni-demokrati","tag-splosna-bolnisnica-novo-mesto","tag-zdravstvo"],"share_on_mastodon":{"url":"https:\/\/pubeurope.com\/@si\/116685047421196296","error":""},"_links":{"self":[{"href":"https:\/\/www.europesays.com\/si\/wp-json\/wp\/v2\/posts\/113885","targetHints":{"allow":["GET"]}}],"collection":[{"href":"https:\/\/www.europesays.com\/si\/wp-json\/wp\/v2\/posts"}],"about":[{"href":"https:\/\/www.europesays.com\/si\/wp-json\/wp\/v2\/types\/post"}],"author":[{"embeddable":true,"href":"https:\/\/www.europesays.com\/si\/wp-json\/wp\/v2\/users\/2"}],"replies":[{"embeddable":true,"href":"https:\/\/www.europesays.com\/si\/wp-json\/wp\/v2\/comments?post=113885"}],"version-history":[{"count":0,"href":"https:\/\/www.europesays.com\/si\/wp-json\/wp\/v2\/posts\/113885\/revisions"}],"wp:featuredmedia":[{"embeddable":true,"href":"https:\/\/www.europesays.com\/si\/wp-json\/wp\/v2\/media\/113886"}],"wp:attachment":[{"href":"https:\/\/www.europesays.com\/si\/wp-json\/wp\/v2\/media?parent=113885"}],"wp:term":[{"taxonomy":"category","embeddable":true,"href":"https:\/\/www.europesays.com\/si\/wp-json\/wp\/v2\/categories?post=113885"},{"taxonomy":"post_tag","embeddable":true,"href":"https:\/\/www.europesays.com\/si\/wp-json\/wp\/v2\/tags?post=113885"}],"curies":[{"name":"wp","href":"https:\/\/api.w.org\/{rel}","templated":true}]}}