{"id":114258,"date":"2026-06-03T13:00:12","date_gmt":"2026-06-03T13:00:12","guid":{"rendered":"https:\/\/www.europesays.com\/si\/114258\/"},"modified":"2026-06-03T13:00:12","modified_gmt":"2026-06-03T13:00:12","slug":"jana-bense-se-bodo-spomnili-z-baklado","status":"publish","type":"post","link":"https:\/\/www.europesays.com\/si\/114258\/","title":{"rendered":"Jana Bense se bodo spomnili z baklado"},"content":{"rendered":"\n<p>V Doberdobu se bodo prerano preminulega doma\u010dina Jana Bense spomnili z baklado, ki jo va\u0161ka dru\u0161tva in ob\u010dina pripravljajo za petek, 5. junija.<\/p>\n<p>\u0160tiriindvajsetletni doma\u010din je kot znano izgubil \u017eivljenje prej\u0161nji petek v hudi prometni nesre\u010di, v kateri je umrl \u0161e 25-letni Gori\u010dan Lorenzo Valentini. Oba sta se peljala z motorjem in sta iz \u0161e nepojasnjenih razlogov \u010delno tr\u010dila na ravnem odseku dr\u017eavne ceste \u0161t. 55 v bli\u017eini nekdanje gostilne pri Toma\u017eu v Gabrjah. Okoli\u0161\u010dine nesre\u010de preiskujejo karabinjerji. Ker bo predvidoma odrejena obdukcija, datuma pogrebov \u0161e nista bila dolo\u010dena.<\/p>\n<p>\u00bbV petek, 5. junija, smo na\u010drtovali slovesnost ob odprtju prenovljen ob\u010dinske telovadnice v Doberdobu, vendar smo se odlo\u010dili, da jo prenesemo na september. Namesto slovesnega odprtja telovadnice smo se v dogovoru z dru\u0161tvi odlo\u010dili, da organiziramo baklado v spomin na Jana,\u00ab je za Primorski dnevnik povedal doberdobski \u017eupan Peter Ferfoglia, ki je v\u010deraj na domu obiskal o\u010deta in mamo Jana Bense. So\u017ealje in bli\u017eino jima je izrazil v imenu doberdobske ob\u010dine, \u0161e nekaterih \u017eupanov in tudi predstavnikov De\u017eele Furlanije &#8211; Julijske krajine. \u00bbJan je bil eden od stebrov na\u0161e skupnosti,\u00ab je poudaril \u017eupan. Jan je med drugim ravno nekaj dni pred nesre\u010do prevzel predsedovanje dru\u0161tva Dob, s \u010dimer \u0161ir\u0161a javnost \u0161e niti ni bila obve\u0161\u010dena.<\/p>\n<p>V ponedeljek so se \u017eupan in ob\u010dinski odborniki v dvorani ob\u010dinskega sveta sestali s predstavniki va\u0161kih dru\u0161tev. Skupaj so se dogovorili za organizacijo baklade. V\u010deraj je \u017eupan z zamislijo seznanil star\u0161e, ki so predlog podprli in se strinjali z organizacijo dogodka.<\/p>\n<p>\u00bb\u010ce bo vreme dr\u017ealo, bo baklada v petek, 5. junija, v ve\u010dernih urah,\u00ab je razlo\u017eil \u017eupan in opozoril, da bodo k organizaciji dogodka prispevali ob\u010dina in razna va\u0161ka dru\u0161tva in sredine. Traso morajo \u0161e dokon\u010dno dolo\u010diti. Start bo predvidoma pri \u017eupni\u0161\u010du, zaklju\u010dek pa pod mlajem na va\u0161kem trgu, kjer bo mogo\u010de polo\u017eiti cvet ali sve\u010do.<\/p>\n","protected":false},"excerpt":{"rendered":"V Doberdobu se bodo prerano preminulega doma\u010dina Jana Bense spomnili z baklado, ki jo va\u0161ka dru\u0161tva in ob\u010dina&hellip;\n","protected":false},"author":2,"featured_media":114259,"comment_status":"","ping_status":"","sticky":false,"template":"","format":"standard","meta":{"footnotes":"","_share_on_mastodon":"0"},"categories":[8],"tags":[37,38,9717,64,63],"class_list":["post-114258","post","type-post","status-publish","format-standard","has-post-thumbnail","category-svet","tag-slovene","tag-slovenscina","tag-spomin","tag-svet","tag-world"],"share_on_mastodon":{"url":"https:\/\/pubeurope.com\/@si\/116686305804031470","error":""},"_links":{"self":[{"href":"https:\/\/www.europesays.com\/si\/wp-json\/wp\/v2\/posts\/114258","targetHints":{"allow":["GET"]}}],"collection":[{"href":"https:\/\/www.europesays.com\/si\/wp-json\/wp\/v2\/posts"}],"about":[{"href":"https:\/\/www.europesays.com\/si\/wp-json\/wp\/v2\/types\/post"}],"author":[{"embeddable":true,"href":"https:\/\/www.europesays.com\/si\/wp-json\/wp\/v2\/users\/2"}],"replies":[{"embeddable":true,"href":"https:\/\/www.europesays.com\/si\/wp-json\/wp\/v2\/comments?post=114258"}],"version-history":[{"count":0,"href":"https:\/\/www.europesays.com\/si\/wp-json\/wp\/v2\/posts\/114258\/revisions"}],"wp:featuredmedia":[{"embeddable":true,"href":"https:\/\/www.europesays.com\/si\/wp-json\/wp\/v2\/media\/114259"}],"wp:attachment":[{"href":"https:\/\/www.europesays.com\/si\/wp-json\/wp\/v2\/media?parent=114258"}],"wp:term":[{"taxonomy":"category","embeddable":true,"href":"https:\/\/www.europesays.com\/si\/wp-json\/wp\/v2\/categories?post=114258"},{"taxonomy":"post_tag","embeddable":true,"href":"https:\/\/www.europesays.com\/si\/wp-json\/wp\/v2\/tags?post=114258"}],"curies":[{"name":"wp","href":"https:\/\/api.w.org\/{rel}","templated":true}]}}