{"id":114538,"date":"2026-06-03T17:52:14","date_gmt":"2026-06-03T17:52:14","guid":{"rendered":"https:\/\/www.europesays.com\/si\/114538\/"},"modified":"2026-06-03T17:52:14","modified_gmt":"2026-06-03T17:52:14","slug":"celarec-bowrain-na-odru-lutkovnega-gledalisca-ljubljana","status":"publish","type":"post","link":"https:\/\/www.europesays.com\/si\/114538\/","title":{"rendered":"Celarec &#038; Bowrain na odru Lutkovnega gledali\u0161\u010da Ljubljana"},"content":{"rendered":"<p>\t\t\t\t\t\t\t\t<a href=\"https:\/\/www.europesays.com\/si\/wp-content\/uploads\/2026\/06\/67049427.jpg\" itemprop=\"contentUrl\" data-size=\"1200x800\" data-large=\"https:\/\/www.europesays.com\/si\/wp-content\/uploads\/2026\/06\/67049427.jpg\"><br \/>\n\t\t\t\t\t\t\t\t\t<img decoding=\"async\" src=\"https:\/\/www.europesays.com\/si\/wp-content\/uploads\/2026\/06\/67049427.jpg\" title=\"Foto: LGL\" alt=\"Foto: LGL\"\/><br \/>\n\t\t\t\t\t\t\t\t<\/a><\/p>\n<p>\t\t\t\t\t\t\t\t\tFoto: LGL<\/p>\n<p>Njuna glasba temelji na kombinaciji klavirja, sintetizatorjev, ambientalnih zvokov, \u010dlove\u0161kega glasu, bobnov ter tolkal. Kontrast med tema na videz razli\u010dnima instrumentoma postopoma izgine, pri \u010demer nastajajo neskon\u010dne harmonije in vznemirljive melodije. Z natan\u010dno ponavljajo\u010dimi se vzorci in premi\u0161ljeno razvitim kontrapunktom njuna glasba postane inteligentna in privla\u010dna ter ves \u010das iz\u017eareva mo\u010dan ob\u010dutek sodobnosti. Pri tem preudarno zdru\u017eujeta d\u017eez, minimalizem, neoklasi\u010dno, elektronsko in filmsko glasbo v edinstveno celoto. Koncert na odru pod zvezdami v LGL-u bo njuna premiera v Ljubljani.<\/p>\n<p>Oglas<\/p>\n<p>Bowrain (Tine Grgurevi\u010d) velja za inovatorja na slovenski glasbeni sceni. Pianist, skladatelj in pisec pesmi skozi svoje ustvarjanje na unikaten na\u010din zdru\u017euje elemente d\u017eeza, ambientalne, elektronske in popglasbe ter tako presega ustaljene \u017eanrske in slogovne oznake. \u017de ve\u010d kot desetletje, bodisi kot soloizvajalec bodisi v sodelovanju z drugimi, poslu\u0161alce vodi v poglobljeno in kakovostno zvo\u010dno izku\u0161njo. Za seboj ima tudi bogato mednarodno kariero \u2013 nastopal je \u017ee v ve\u010dini evropskih dr\u017eav, Zdru\u017eenih dr\u017eavah Amerike in v Ju\u017eni Afriki, kjer je sodeloval z uprizoritveno umetni\u0161ko zasedbo The Brother Moves On. Leta 2023 je bil umetni\u0161ki rezident v Arvo P\u00e4rt Centru v Estoniji, kjer je nastopil tudi s solokoncertom. Februarja 2025 je prvi\u010d koncertiral na Kitajskem, kjer je izvedel dve solisti\u010dni turneji po mestih Peking, \u0160anghaj, Sud\u017eov, Sanja in \u0160end\u017een. Njegov zadnji solisti\u010dni klavirski album Solo Piano for Peace je iz\u0161el letos, z njim pa med drugim opozarja na pomen miru v teh kaoti\u010dnih in nemirnih \u010dasih.<\/p>\n<p>Bla\u017e Celarec je tolkalist, bobnar, klarinetist in producent, katerega umetni\u0161ka senzibilnost se je razvijala skozi glasbeno izobra\u017eevanje, ki obsega vse od klarineta do latinskoameri\u0161kih tolkal. V zadnjem \u010dasu nastopa predvsem kot bobnar in producent. Latinska tolkala je \u0161tudiral na konservatoriju v Rotterdamu, nato pa dalj \u010dasa pre\u017eivel v Havani na Kubi. Igra v zasedbah, kot so Malamor, Severa Gjurin, Hamlet Express, Chris Eckman in druge. Kot glasbenik je sodeloval pri ve\u010d kot sedemdesetih albumih, kot producent in tonski mojster pa \u0161e pri tridesetih. Celarec prav tako ustvarja glasbo za gledali\u0161\u010de.<\/p>\n<p>Oglas<\/p>\n","protected":false},"excerpt":{"rendered":"Foto: LGL Njuna glasba temelji na kombinaciji klavirja, sintetizatorjev, ambientalnih zvokov, \u010dlove\u0161kega glasu, bobnov ter tolkal. Kontrast med&hellip;\n","protected":false},"author":2,"featured_media":114539,"comment_status":"","ping_status":"","sticky":false,"template":"","format":"standard","meta":{"footnotes":"","_share_on_mastodon":"0"},"categories":[21],"tags":[32509,32508,31950,124,62,37,58,60,38],"class_list":["post-114538","post","type-post","status-publish","format-standard","has-post-thumbnail","category-ljubljana","tag-blaz-celarec","tag-bowrain","tag-lgl","tag-ljubljana","tag-si","tag-slovene","tag-slovenia","tag-slovenija","tag-slovenscina"],"share_on_mastodon":{"url":"https:\/\/pubeurope.com\/@si\/116687454000989306","error":""},"_links":{"self":[{"href":"https:\/\/www.europesays.com\/si\/wp-json\/wp\/v2\/posts\/114538","targetHints":{"allow":["GET"]}}],"collection":[{"href":"https:\/\/www.europesays.com\/si\/wp-json\/wp\/v2\/posts"}],"about":[{"href":"https:\/\/www.europesays.com\/si\/wp-json\/wp\/v2\/types\/post"}],"author":[{"embeddable":true,"href":"https:\/\/www.europesays.com\/si\/wp-json\/wp\/v2\/users\/2"}],"replies":[{"embeddable":true,"href":"https:\/\/www.europesays.com\/si\/wp-json\/wp\/v2\/comments?post=114538"}],"version-history":[{"count":0,"href":"https:\/\/www.europesays.com\/si\/wp-json\/wp\/v2\/posts\/114538\/revisions"}],"wp:featuredmedia":[{"embeddable":true,"href":"https:\/\/www.europesays.com\/si\/wp-json\/wp\/v2\/media\/114539"}],"wp:attachment":[{"href":"https:\/\/www.europesays.com\/si\/wp-json\/wp\/v2\/media?parent=114538"}],"wp:term":[{"taxonomy":"category","embeddable":true,"href":"https:\/\/www.europesays.com\/si\/wp-json\/wp\/v2\/categories?post=114538"},{"taxonomy":"post_tag","embeddable":true,"href":"https:\/\/www.europesays.com\/si\/wp-json\/wp\/v2\/tags?post=114538"}],"curies":[{"name":"wp","href":"https:\/\/api.w.org\/{rel}","templated":true}]}}