{"id":115082,"date":"2026-06-04T07:22:11","date_gmt":"2026-06-04T07:22:11","guid":{"rendered":"https:\/\/www.europesays.com\/si\/115082\/"},"modified":"2026-06-04T07:22:11","modified_gmt":"2026-06-04T07:22:11","slug":"danes-v-parizu-dvojni-spored-za-ziga-seska","status":"publish","type":"post","link":"https:\/\/www.europesays.com\/si\/115082\/","title":{"rendered":"Danes v Parizu dvojni spored za \u017diga \u0160e\u0161ka"},"content":{"rendered":"<p>\t\t\t\t\t\t\t\t<a href=\"https:\/\/www.europesays.com\/si\/wp-content\/uploads\/2026\/06\/67049426.jpg\" itemprop=\"contentUrl\" data-size=\"1200x800\" data-large=\"https:\/\/www.europesays.com\/si\/wp-content\/uploads\/2026\/06\/67049426.jpg\"><br \/>\n\t\t\t\t\t\t\t\t\t<img decoding=\"async\" src=\"https:\/\/www.europesays.com\/si\/wp-content\/uploads\/2026\/06\/67049426.jpg\" title=\"\u017diga \u0160e\u0161ko. Foto: Osebni arhiv\" alt=\"\u017diga \u0160e\u0161ko. Foto: Osebni arhiv\"\/><br \/>\n\t\t\t\t\t\t\t\t<\/a><\/p>\n<p>\t\t\t\t\t\t\t\t\t\u017diga \u0160e\u0161ko. Foto: Osebni arhiv<\/p>\n<p>17-letni Hrastni\u010dan, zmagovalec prvega grand slama v Melbournu, se bo za uvrstitev v polfinale v posami\u010dni konkurenci pomeril s 13. nosilcem, Ameri\u010danom Michaelom Antoniusom. Ta je v sredo izlo\u010dil drugega nosilca, doma\u010dina Yannicka Theodorja Alexandrescouja (6:2, 6:4). Na igri\u0161\u010du \u0161tevilka 14, na katerem se program za\u010dne ob 11. uri, bosta igrala tretji dvoboj. <\/p>\n<p>Oglas<\/p>\n<p>\u0160e\u0161ko v dvojicah igra z Brazilcem Luisom Gutom Miguelom. Prva nosilca bosta v \u010detrtfinalu igrala z Yannikom Alvarezom iz Portorika in Ameri\u010danom Jackom Secordom. Dvoboj je predviden zadnji na igri\u0161\u010du \u0161tevilka 6.<\/p>\n<p>Danes sta na sporedu polfinalna obra\u010duna v \u017eenski konkurenci. Po izpadu Arine Sabalenke je jasno, da bomo dobili novo zmagovalko turnirja za grand slam.<\/p>\n<p>Najprej bosta ob 15.10 na igri\u0161\u010de stopili Ukrajinka Marta Kostjuk in Rusinja Mira Andrejeva. Sledi dvoboj med kvalifikantko Majo Chwalinsko iz Poljske in Rusinjo Diano \u0160najder, ki je v sredo izlo\u010dila prvo igralko sveta Sabalenko. <\/p>\n<p>Mladinci, \u010detrtfinale, \u010detrtek: <br \/>\u0160E\u0160KO (SLO\/5) \u2013 ANTONIUS (ZDA\/13)<\/p>\n<p>Dvojice, \u010detrtfinale, \u010detrtek: <br \/>GATO MIGUEL\/ \u0160E\u0160KO (BRA\/ SLO\/1) \u2013 ALVAREZ\/SECORG (PRT\/ZDA\/6)<\/p>\n<p>Oglas<\/p>\n","protected":false},"excerpt":{"rendered":"\u017diga \u0160e\u0161ko. Foto: Osebni arhiv 17-letni Hrastni\u010dan, zmagovalec prvega grand slama v Melbournu, se bo za uvrstitev v&hellip;\n","protected":false},"author":2,"featured_media":115083,"comment_status":"","ping_status":"","sticky":false,"template":"","format":"standard","meta":{"footnotes":"","_share_on_mastodon":"0"},"categories":[20],"tags":[32637,6111,32,35,31,34,36,6829,14277,31852,37,38,33],"class_list":["post-115082","post","type-post","status-publish","format-standard","has-post-thumbnail","category-novice","tag-dvojice","tag-grand-slam","tag-headlines","tag-najpomembnejse-novice","tag-news","tag-novice","tag-osrednje-novice","tag-polfinale","tag-sabalenka","tag-sesko","tag-slovene","tag-slovenscina","tag-top-stories"],"share_on_mastodon":{"url":"https:\/\/pubeurope.com\/@si\/116690639182778329","error":""},"_links":{"self":[{"href":"https:\/\/www.europesays.com\/si\/wp-json\/wp\/v2\/posts\/115082","targetHints":{"allow":["GET"]}}],"collection":[{"href":"https:\/\/www.europesays.com\/si\/wp-json\/wp\/v2\/posts"}],"about":[{"href":"https:\/\/www.europesays.com\/si\/wp-json\/wp\/v2\/types\/post"}],"author":[{"embeddable":true,"href":"https:\/\/www.europesays.com\/si\/wp-json\/wp\/v2\/users\/2"}],"replies":[{"embeddable":true,"href":"https:\/\/www.europesays.com\/si\/wp-json\/wp\/v2\/comments?post=115082"}],"version-history":[{"count":0,"href":"https:\/\/www.europesays.com\/si\/wp-json\/wp\/v2\/posts\/115082\/revisions"}],"wp:featuredmedia":[{"embeddable":true,"href":"https:\/\/www.europesays.com\/si\/wp-json\/wp\/v2\/media\/115083"}],"wp:attachment":[{"href":"https:\/\/www.europesays.com\/si\/wp-json\/wp\/v2\/media?parent=115082"}],"wp:term":[{"taxonomy":"category","embeddable":true,"href":"https:\/\/www.europesays.com\/si\/wp-json\/wp\/v2\/categories?post=115082"},{"taxonomy":"post_tag","embeddable":true,"href":"https:\/\/www.europesays.com\/si\/wp-json\/wp\/v2\/tags?post=115082"}],"curies":[{"name":"wp","href":"https:\/\/api.w.org\/{rel}","templated":true}]}}