{"id":115680,"date":"2026-06-04T17:03:12","date_gmt":"2026-06-04T17:03:12","guid":{"rendered":"https:\/\/www.europesays.com\/si\/115680\/"},"modified":"2026-06-04T17:03:12","modified_gmt":"2026-06-04T17:03:12","slug":"ziga-sesko-obstal-v-cetrtfinalu-rolanda-garrosa","status":"publish","type":"post","link":"https:\/\/www.europesays.com\/si\/115680\/","title":{"rendered":"\u017diga \u0160e\u0161ko obstal v \u010detrtfinalu Rolanda Garrosa"},"content":{"rendered":"<p>\t\t\t\t\t\t\t\t<a href=\"https:\/\/www.europesays.com\/si\/wp-content\/uploads\/2026\/06\/67049426.jpg\" itemprop=\"contentUrl\" data-size=\"1200x800\" data-large=\"https:\/\/www.europesays.com\/si\/wp-content\/uploads\/2026\/06\/67049426.jpg\"><br \/>\n\t\t\t\t\t\t\t\t\t<img decoding=\"async\" src=\"https:\/\/www.europesays.com\/si\/wp-content\/uploads\/2026\/06\/67049426.jpg\" title=\"\u017diga \u0160e\u0161ko. Foto: Osebni arhiv\" alt=\"\u017diga \u0160e\u0161ko. Foto: Osebni arhiv\"\/><br \/>\n\t\t\t\t\t\t\t\t<\/a><\/p>\n<p>\t\t\t\t\t\t\t\t\t\u017diga \u0160e\u0161ko. Foto: Osebni arhiv<\/p>\n<p>17-letni Hrastni\u010dan, zmagovalec prvega grand slama v Melbournu, je moral na drugem grand slam turnirju sezone priznati premo\u010d Ameri\u010danu, ki je bil v Parizu 13. nosilec.<\/p>\n<p>Oglas<\/p>\n<p>\u0160e\u0161ko je dobro odprl dvoboj, povedel z 2:0, a je nato Antonius nanizal \u0161est iger zapored in osvojil niz po 36 minutah. Za Slovenca so bile usodne nevsiljene napake, naredil jih je kar 18.<\/p>\n<p>Podobna je bila zgodba v drugem nizu. Ameri\u010dan je po izena\u010denju na 1:1 spet nanizal pet iger in se veselil polfinala po uri in \u0161estih minutah. \u0160tevec napak pri \u0160e\u0161ku se je ustavil pri 31, Antonius jih je naredl 12.   <\/p>\n<p>\u0160e\u0161ko v dvojicah igra z Brazilcem Luisom Gutom Miguelom. Prva nosilca se bosta v \u010detrtfinalu pomerila z Yannikom Alvarezom iz Portorika in Ameri\u010danom Jackom Secordom. Dvoboj je predviden zadnji na igri\u0161\u010du \u0161tevilka 6.<\/p>\n<p>Mladinci, \u010detrtfinale: <br \/>ANTONIUS (ZDA\/13) &#8211; \u0160E\u0160KO (SLO\/5) <br \/>6:2, 6:1<\/p>\n<p>Dvojice, \u010detrtfinale, \u010detrtek: <br \/>GATO MIGUEL\/ \u0160E\u0160KO (BRA\/ SLO\/1) \u2013 ALVAREZ\/SECORG (PRT\/ZDA\/6)<\/p>\n<p>Oglas<\/p>\n","protected":false},"excerpt":{"rendered":"\u017diga \u0160e\u0161ko. Foto: Osebni arhiv 17-letni Hrastni\u010dan, zmagovalec prvega grand slama v Melbournu, je moral na drugem grand&hellip;\n","protected":false},"author":2,"featured_media":115083,"comment_status":"","ping_status":"","sticky":false,"template":"","format":"standard","meta":{"footnotes":"","_share_on_mastodon":"0"},"categories":[16],"tags":[32637,6111,6829,14277,31852,62,37,58,60,38,94,93],"class_list":["post-115680","post","type-post","status-publish","format-standard","has-post-thumbnail","category-sport","tag-dvojice","tag-grand-slam","tag-polfinale","tag-sabalenka","tag-sesko","tag-si","tag-slovene","tag-slovenia","tag-slovenija","tag-slovenscina","tag-sport","tag-sports"],"share_on_mastodon":{"url":"https:\/\/pubeurope.com\/@si\/116692923454102905","error":""},"_links":{"self":[{"href":"https:\/\/www.europesays.com\/si\/wp-json\/wp\/v2\/posts\/115680","targetHints":{"allow":["GET"]}}],"collection":[{"href":"https:\/\/www.europesays.com\/si\/wp-json\/wp\/v2\/posts"}],"about":[{"href":"https:\/\/www.europesays.com\/si\/wp-json\/wp\/v2\/types\/post"}],"author":[{"embeddable":true,"href":"https:\/\/www.europesays.com\/si\/wp-json\/wp\/v2\/users\/2"}],"replies":[{"embeddable":true,"href":"https:\/\/www.europesays.com\/si\/wp-json\/wp\/v2\/comments?post=115680"}],"version-history":[{"count":0,"href":"https:\/\/www.europesays.com\/si\/wp-json\/wp\/v2\/posts\/115680\/revisions"}],"wp:featuredmedia":[{"embeddable":true,"href":"https:\/\/www.europesays.com\/si\/wp-json\/wp\/v2\/media\/115083"}],"wp:attachment":[{"href":"https:\/\/www.europesays.com\/si\/wp-json\/wp\/v2\/media?parent=115680"}],"wp:term":[{"taxonomy":"category","embeddable":true,"href":"https:\/\/www.europesays.com\/si\/wp-json\/wp\/v2\/categories?post=115680"},{"taxonomy":"post_tag","embeddable":true,"href":"https:\/\/www.europesays.com\/si\/wp-json\/wp\/v2\/tags?post=115680"}],"curies":[{"name":"wp","href":"https:\/\/api.w.org\/{rel}","templated":true}]}}